{"id":5278,"date":"2022-01-13T11:15:13","date_gmt":"2022-01-13T14:15:13","guid":{"rendered":"https:\/\/radiostudiow.com.br\/site\/?p=5278"},"modified":"2025-01-31T15:12:12","modified_gmt":"2025-01-31T18:12:12","slug":"jovem-com-esquizofrenia-esta-desaparecido-em-porto-uniao","status":"publish","type":"post","link":"https:\/\/radiostudiow.com.br\/site\/2022\/01\/13\/jovem-com-esquizofrenia-esta-desaparecido-em-porto-uniao\/","title":{"rendered":"Jovem com esquizofrenia est\u00e1 desaparecido em Porto Uni\u00e3o"},"content":{"rendered":"\n<p>O jovem identificado como Ediel Carvalho de Lima, que reside na \u00c1rea Industrial de Porto Uni\u00e3o e sofre de esquizofrenia, est\u00e1 desaparecido desde a manh\u00e3 de quarta-feira (12).<\/p>\n\n\n\n<p>A fam\u00edlia pede ajuda pelas redes sociais para localiz\u00e1-lo.<\/p>\n\n\n\n<p>De acordo com as informa\u00e7\u00f5es nas redes sociais da fam\u00edlia, o menino teria sido visto pela \u00faltima vez na regi\u00e3o da ponte Jos\u00e9 Richa.<\/p>\n\n\n\n<p>Um boletim de ocorr\u00eancias j\u00e1 foi registrado e a fam\u00edlia alerta que o rapaz pode agir de maneira violenta por estar sem a sua medica\u00e7\u00e3o.<\/p>\n\n\n\n<p>\u201cSe algu\u00e9m ver, chamar a pol\u00edcia pois quando foge s\u00f3 tem pensamento agressivo ent\u00e3o, se algu\u00e9m ver chamar a pol\u00edcia ou entrar em contato com a fam\u00edlia. Aten\u00e7\u00e3o a \u00faltima vez que fugiu estava com uma faca na perimetral tentando assaltar bicicletas pois tem dist\u00farbios mentais, todo cuidado e pouco\u201d, familiar publicou ainda na quarta-feira.<\/p>\n\n\n\n<figure class=\"wp-block-image size-large\"><img decoding=\"async\" src=\"https:\/\/radiostudiow.com.br\/site\/wp-content\/uploads\/2022\/01\/capa-site-1024x329.png\" alt=\"\" class=\"wp-image-5253\"\/><\/figure>\n\n\n\n<p>E na quinta-feira voltou a pedir ajuda para localiz\u00e1-lo, \u201cAinda n\u00e3o foi encontrado, por favor se verem ele chamem a pol\u00edcia foi visto hoje de manh\u00e3 na ponte de S\u00e3o Crist\u00f3v\u00e3o, est\u00e1 sem a mochila, cal\u00e7\u00e3o azul, camisa preta e vermelha, est\u00e1 sem tomar rem\u00e9dio, tem o costume de pedir comida nas casas, est\u00e1 com uma bicicleta cinza e bon\u00e9 na cabe\u00e7a, qualquer informa\u00e7\u00e3o chamem a pol\u00edcia\u201d.<\/p>\n\n\n\n<p>Qualquer informa\u00e7\u00e3o que possa contribuir na localiza\u00e7\u00e3o do rapaz pode ser repassada para o telefone 190.<\/p>\n","protected":false},"excerpt":{"rendered":"<p>O jovem identificado como Ediel Carvalho de Lima, que reside na \u00c1rea Industrial de Porto Uni\u00e3o e sofre de esquizofrenia, est\u00e1 desaparecido desde a manh\u00e3 de quarta-feira (12). A fam\u00edlia pede ajuda pelas redes sociais para localiz\u00e1-lo. De acordo com as informa\u00e7\u00f5es nas redes sociais da fam\u00edlia, o menino teria sido visto pela \u00faltima vez [&hellip;]<\/p>\n","protected":false},"author":2,"featured_media":5279,"comment_status":"open","ping_status":"open","sticky":false,"template":"","format":"standard","meta":{"footnotes":""},"categories":[2],"tags":[172],"class_list":["post-5278","post","type-post","status-publish","format-standard","has-post-thumbnail","hentry","category-policial","tag-featured"],"amp_enabled":true,"_links":{"self":[{"href":"https:\/\/radiostudiow.com.br\/site\/wp-json\/wp\/v2\/posts\/5278","targetHints":{"allow":["GET"]}}],"collection":[{"href":"https:\/\/radiostudiow.com.br\/site\/wp-json\/wp\/v2\/posts"}],"about":[{"href":"https:\/\/radiostudiow.com.br\/site\/wp-json\/wp\/v2\/types\/post"}],"author":[{"embeddable":true,"href":"https:\/\/radiostudiow.com.br\/site\/wp-json\/wp\/v2\/users\/2"}],"replies":[{"embeddable":true,"href":"https:\/\/radiostudiow.com.br\/site\/wp-json\/wp\/v2\/comments?post=5278"}],"version-history":[{"count":2,"href":"https:\/\/radiostudiow.com.br\/site\/wp-json\/wp\/v2\/posts\/5278\/revisions"}],"predecessor-version":[{"id":5281,"href":"https:\/\/radiostudiow.com.br\/site\/wp-json\/wp\/v2\/posts\/5278\/revisions\/5281"}],"wp:featuredmedia":[{"embeddable":true,"href":"https:\/\/radiostudiow.com.br\/site\/wp-json\/wp\/v2\/media\/5279"}],"wp:attachment":[{"href":"https:\/\/radiostudiow.com.br\/site\/wp-json\/wp\/v2\/media?parent=5278"}],"wp:term":[{"taxonomy":"category","embeddable":true,"href":"https:\/\/radiostudiow.com.br\/site\/wp-json\/wp\/v2\/categories?post=5278"},{"taxonomy":"post_tag","embeddable":true,"href":"https:\/\/radiostudiow.com.br\/site\/wp-json\/wp\/v2\/tags?post=5278"}],"curies":[{"name":"wp","href":"https:\/\/api.w.org\/{rel}","templated":true}]}}