{"id":52940,"date":"2026-08-30T11:27:34","date_gmt":"2026-08-30T14:27:34","guid":{"rendered":"https:\/\/radiostudiow.com.br\/site\/?p=52940"},"modified":"2026-08-30T11:27:35","modified_gmt":"2026-08-30T14:27:35","slug":"homem-e-preso-em-mallet-apos-esfaquear-um-homem-e-agredir-companheira","status":"publish","type":"post","link":"https:\/\/radiostudiow.com.br\/site\/2026\/08\/30\/homem-e-preso-em-mallet-apos-esfaquear-um-homem-e-agredir-companheira\/","title":{"rendered":"Homem \u00e9 preso em Mallet ap\u00f3s esfaquear um homem e agredir companheira"},"content":{"rendered":"\n<figure class=\"wp-block-image size-full\"><img loading=\"lazy\" decoding=\"async\" width=\"731\" height=\"204\" src=\"https:\/\/radiostudiow.com.br\/site\/wp-content\/uploads\/2026\/06\/BARAO.png\" alt=\"\" class=\"wp-image-50709\" srcset=\"https:\/\/radiostudiow.com.br\/site\/wp-content\/uploads\/2026\/06\/BARAO.png 731w, https:\/\/radiostudiow.com.br\/site\/wp-content\/uploads\/2026\/06\/BARAO-300x84.png 300w\" sizes=\"auto, (max-width: 731px) 100vw, 731px\" \/><\/figure>\n\n\n\n<hr class=\"wp-block-separator has-alpha-channel-opacity\"\/>\n\n\n\n<p class=\"wp-block-paragraph\" style=\"font-size:21px\">Um homem foi preso pela Pol\u00edcia Militar na noite deste s\u00e1bado (29), ap\u00f3s ferir outro homem com um golpe de faca e tamb\u00e9m ser denunciado por viol\u00eancia dom\u00e9stica contra a pr\u00f3pria companheira.&nbsp;<\/p>\n\n\n\n<p class=\"wp-block-paragraph\" style=\"font-size:21px\">A ocorr\u00eancia foi registrada por volta das 19h30, no bairro Jardim Em\u00edlia, em Mallet.<\/p>\n\n\n\n<p class=\"wp-block-paragraph\" style=\"font-size:21px\">De acordo com a Pol\u00edcia Militar, a equipe foi acionada ap\u00f3s um homem de 21 anos ser atingido no t\u00f3rax durante um desentendimento em uma resid\u00eancia.<\/p>\n\n\n\n<p class=\"wp-block-paragraph\" style=\"font-size:21px\">Quando os policiais chegaram ao local, a v\u00edtima j\u00e1 recebia atendimento dos Brigadistas Comunit\u00e1rios de Mallet.<\/p>\n\n\n\n<p class=\"wp-block-paragraph\" style=\"font-size:21px\">Ele foi socorrido e encaminhado pela ambul\u00e2ncia&nbsp; de plant\u00e3o da Secretaria de Sa\u00fade em estado grave para o Hospital S\u00e3o Pedro&nbsp; e na sequ\u00eancia realizado a transfer\u00eancia para um centro hospitalar maior na regi\u00e3o.<\/p>\n\n\n\n<p class=\"wp-block-paragraph\" style=\"font-size:21px\">Em seguida, os militares realizaram buscas e localizaram o suspeito na resid\u00eancia de um familiar. Ele recebeu voz de pris\u00e3o e foi encaminhado \u00e0 Pol\u00edcia Civil da 4\u00aa Subdivis\u00e3o Policial (SDP) de Uni\u00e3o da Vit\u00f3ria, onde foram adotados os procedimentos cab\u00edveis.<\/p>\n\n\n\n<p class=\"wp-block-paragraph\" style=\"font-size:21px\">Durante o atendimento da ocorr\u00eancia, a companheira do autor relatou aos policiais que tamb\u00e9m havia sido agredida momentos antes. A mulher apresentava les\u00f5es na cabe\u00e7a, compat\u00edveis com viol\u00eancia dom\u00e9stica, sendo encaminhada para atendimento m\u00e9dico e posteriormente apresentada \u00e0 autoridade policial.<\/p>\n\n\n\n<p class=\"wp-block-paragraph\" style=\"font-size:21px\">O caso ser\u00e1 investigado pela Pol\u00edcia Civil, que apurar\u00e1 as circunst\u00e2ncias da agress\u00e3o com arma branca e da den\u00fancia de viol\u00eancia dom\u00e9stica.<\/p>\n\n\n\n<hr class=\"wp-block-separator has-alpha-channel-opacity\"\/>\n\n\n\n<p class=\"wp-block-paragraph\" style=\"font-size:21px\"><\/p>\n\n\n\n<figure class=\"wp-block-image size-large\"><img loading=\"lazy\" decoding=\"async\" width=\"1024\" height=\"326\" src=\"https:\/\/radiostudiow.com.br\/site\/wp-content\/uploads\/2026\/08\/AFT_SICREDI_92631_AN_AGRO_INSTITUCIONAL_261X83-1024x326.png\" alt=\"\" class=\"wp-image-52311\" srcset=\"https:\/\/radiostudiow.com.br\/site\/wp-content\/uploads\/2026\/08\/AFT_SICREDI_92631_AN_AGRO_INSTITUCIONAL_261X83-1024x326.png 1024w, https:\/\/radiostudiow.com.br\/site\/wp-content\/uploads\/2026\/08\/AFT_SICREDI_92631_AN_AGRO_INSTITUCIONAL_261X83-300x95.png 300w, https:\/\/radiostudiow.com.br\/site\/wp-content\/uploads\/2026\/08\/AFT_SICREDI_92631_AN_AGRO_INSTITUCIONAL_261X83-768x244.png 768w, https:\/\/radiostudiow.com.br\/site\/wp-content\/uploads\/2026\/08\/AFT_SICREDI_92631_AN_AGRO_INSTITUCIONAL_261X83-1536x488.png 1536w, https:\/\/radiostudiow.com.br\/site\/wp-content\/uploads\/2026\/08\/AFT_SICREDI_92631_AN_AGRO_INSTITUCIONAL_261X83-2048x651.png 2048w\" sizes=\"auto, (max-width: 1024px) 100vw, 1024px\" \/><\/figure>\n","protected":false},"excerpt":{"rendered":"<p>Um homem foi preso pela Pol\u00edcia Militar na noite deste s\u00e1bado (29), ap\u00f3s ferir outro homem com um golpe de faca e tamb\u00e9m ser denunciado por viol\u00eancia dom\u00e9stica contra a pr\u00f3pria companheira.&nbsp; A ocorr\u00eancia foi registrada por volta das 19h30, no bairro Jardim Em\u00edlia, em Mallet. De acordo com a Pol\u00edcia Militar, a equipe foi [&hellip;]<\/p>\n","protected":false},"author":2,"featured_media":51525,"comment_status":"open","ping_status":"open","sticky":false,"template":"","format":"standard","meta":{"footnotes":""},"categories":[184,2],"tags":[172],"class_list":["post-52940","post","type-post","status-publish","format-standard","has-post-thumbnail","hentry","category-local","category-policial","tag-featured"],"amp_enabled":true,"_links":{"self":[{"href":"https:\/\/radiostudiow.com.br\/site\/wp-json\/wp\/v2\/posts\/52940","targetHints":{"allow":["GET"]}}],"collection":[{"href":"https:\/\/radiostudiow.com.br\/site\/wp-json\/wp\/v2\/posts"}],"about":[{"href":"https:\/\/radiostudiow.com.br\/site\/wp-json\/wp\/v2\/types\/post"}],"author":[{"embeddable":true,"href":"https:\/\/radiostudiow.com.br\/site\/wp-json\/wp\/v2\/users\/2"}],"replies":[{"embeddable":true,"href":"https:\/\/radiostudiow.com.br\/site\/wp-json\/wp\/v2\/comments?post=52940"}],"version-history":[{"count":1,"href":"https:\/\/radiostudiow.com.br\/site\/wp-json\/wp\/v2\/posts\/52940\/revisions"}],"predecessor-version":[{"id":52941,"href":"https:\/\/radiostudiow.com.br\/site\/wp-json\/wp\/v2\/posts\/52940\/revisions\/52941"}],"wp:featuredmedia":[{"embeddable":true,"href":"https:\/\/radiostudiow.com.br\/site\/wp-json\/wp\/v2\/media\/51525"}],"wp:attachment":[{"href":"https:\/\/radiostudiow.com.br\/site\/wp-json\/wp\/v2\/media?parent=52940"}],"wp:term":[{"taxonomy":"category","embeddable":true,"href":"https:\/\/radiostudiow.com.br\/site\/wp-json\/wp\/v2\/categories?post=52940"},{"taxonomy":"post_tag","embeddable":true,"href":"https:\/\/radiostudiow.com.br\/site\/wp-json\/wp\/v2\/tags?post=52940"}],"curies":[{"name":"wp","href":"https:\/\/api.w.org\/{rel}","templated":true}]}}