{"id":52951,"date":"2026-08-31T11:11:39","date_gmt":"2026-08-31T14:11:39","guid":{"rendered":"https:\/\/radiostudiow.com.br\/site\/?p=52951"},"modified":"2026-08-31T11:11:40","modified_gmt":"2026-08-31T14:11:40","slug":"policia-militar-apreende-grande-quantidade-de-produtos-estrangeiros-sem-documentacao-na-br-277","status":"publish","type":"post","link":"https:\/\/radiostudiow.com.br\/site\/2026\/08\/31\/policia-militar-apreende-grande-quantidade-de-produtos-estrangeiros-sem-documentacao-na-br-277\/","title":{"rendered":"Pol\u00edcia Militar apreende grande quantidade de produtos estrangeiros sem documenta\u00e7\u00e3o na BR-277"},"content":{"rendered":"\n<figure class=\"wp-block-gallery has-nested-images columns-default is-cropped wp-block-gallery-1 is-layout-flex wp-block-gallery-is-layout-flex\">\n<figure class=\"wp-block-image size-large\"><img loading=\"lazy\" decoding=\"async\" width=\"300\" height=\"180\" data-id=\"41962\" src=\"https:\/\/radiostudiow.com.br\/site\/wp-content\/uploads\/2025\/08\/LILO.png\" alt=\"\" class=\"wp-image-41962\"\/><\/figure>\n\n\n\n<figure class=\"wp-block-image size-large\"><img loading=\"lazy\" decoding=\"async\" width=\"300\" height=\"180\" data-id=\"37219\" src=\"https:\/\/radiostudiow.com.br\/site\/wp-content\/uploads\/2025\/04\/AGRODU.png\" alt=\"\" class=\"wp-image-37219\"\/><\/figure>\n<\/figure>\n\n\n\n<p class=\"has-medium-font-size wp-block-paragraph\"><strong>Uma a\u00e7\u00e3o conjunta da Pol\u00edcia Militar resultou na apreens\u00e3o de uma grande quantidade de mercadorias de origem estrangeira na manh\u00e3 desta domingo dia 30 de agosto, em Fernandes Pinheiro.<\/strong><\/p>\n\n\n\n<p class=\"wp-block-paragraph\">De acordo com o boletim de ocorr\u00eancia, por volta das 11h30, equipes da Pol\u00edcia Militar de Fernandes Pinheiro e de Teixeira Soares realizaram a abordagem de um ve\u00edculo suspeito que transitava pela BR-277.<\/p>\n\n\n\n<p class=\"has-medium-font-size wp-block-paragraph\"><strong>Durante a fiscaliza\u00e7\u00e3o, os policiais efetuaram buscas pessoais nos ocupantes e vistoria no interior do autom\u00f3vel, onde encontraram uma grande quantidade de produtos importados desacompanhados da documenta\u00e7\u00e3o fiscal exigida e sem comprova\u00e7\u00e3o do recolhimento dos tributos devidos.<\/strong><\/p>\n\n\n\n<p class=\"wp-block-paragraph\">Diante da situa\u00e7\u00e3o, os envolvidos e toda a mercadoria apreendida foram encaminhados \u00e0 sede da 8\u00aa Companhia Independente da Pol\u00edcia Militar (8\u00aa CIPM), onde foram realizados os procedimentos iniciais. Na sequ\u00eancia, a ocorr\u00eancia foi apresentada \u00e0 Pol\u00edcia Federal e \u00e0 Receita Federal, respons\u00e1veis pela ado\u00e7\u00e3o das medidas cab\u00edveis.<\/p>\n\n\n\n<figure class=\"wp-block-gallery has-nested-images columns-default is-cropped wp-block-gallery-2 is-layout-flex wp-block-gallery-is-layout-flex\">\n<figure class=\"wp-block-image size-large\"><img loading=\"lazy\" decoding=\"async\" width=\"300\" height=\"180\" data-id=\"48867\" src=\"https:\/\/radiostudiow.com.br\/site\/wp-content\/uploads\/2026\/03\/SUPREMA-BARBA.png\" alt=\"\" class=\"wp-image-48867\"\/><\/figure>\n\n\n\n<figure class=\"wp-block-image size-large\"><img loading=\"lazy\" decoding=\"async\" width=\"300\" height=\"180\" data-id=\"47110\" src=\"https:\/\/radiostudiow.com.br\/site\/wp-content\/uploads\/2026\/01\/EXTREME.png\" alt=\"\" class=\"wp-image-47110\"\/><\/figure>\n<\/figure>\n\n\n\n<p class=\"wp-block-paragraph\">A Pol\u00edcia Militar informou que a ocorr\u00eancia foi registrada, em princ\u00edpio, pelos crimes de contrabando, descaminho e por poss\u00edvel comercializa\u00e7\u00e3o irregular de produtos destinados a fins terap\u00eauticos ou medicinais, cabendo \u00e0s autoridades competentes a continuidade das investiga\u00e7\u00f5es e a defini\u00e7\u00e3o das responsabilidades dos envolvidos.<\/p>\n\n\n\n<h2 class=\"wp-block-heading\">Informa\u00e7\u00f5es da 8\u00aa CIA da Policia Militar &#8211; Rep\u00f3rter Kiko de Oliveira<\/h2>\n\n\n\n<p class=\"wp-block-paragraph\"><\/p>\n","protected":false},"excerpt":{"rendered":"<p>Uma a\u00e7\u00e3o conjunta da Pol\u00edcia Militar resultou na apreens\u00e3o de uma grande quantidade de mercadorias de origem estrangeira na manh\u00e3 desta domingo dia 30 de agosto, em Fernandes Pinheiro. De acordo com o boletim de ocorr\u00eancia, por volta das 11h30, equipes da Pol\u00edcia Militar de Fernandes Pinheiro e de Teixeira Soares realizaram a abordagem de [&hellip;]<\/p>\n","protected":false},"author":2,"featured_media":52952,"comment_status":"open","ping_status":"open","sticky":false,"template":"","format":"standard","meta":{"footnotes":""},"categories":[2],"tags":[172],"class_list":["post-52951","post","type-post","status-publish","format-standard","has-post-thumbnail","hentry","category-policial","tag-featured"],"amp_enabled":true,"_links":{"self":[{"href":"https:\/\/radiostudiow.com.br\/site\/wp-json\/wp\/v2\/posts\/52951","targetHints":{"allow":["GET"]}}],"collection":[{"href":"https:\/\/radiostudiow.com.br\/site\/wp-json\/wp\/v2\/posts"}],"about":[{"href":"https:\/\/radiostudiow.com.br\/site\/wp-json\/wp\/v2\/types\/post"}],"author":[{"embeddable":true,"href":"https:\/\/radiostudiow.com.br\/site\/wp-json\/wp\/v2\/users\/2"}],"replies":[{"embeddable":true,"href":"https:\/\/radiostudiow.com.br\/site\/wp-json\/wp\/v2\/comments?post=52951"}],"version-history":[{"count":1,"href":"https:\/\/radiostudiow.com.br\/site\/wp-json\/wp\/v2\/posts\/52951\/revisions"}],"predecessor-version":[{"id":52953,"href":"https:\/\/radiostudiow.com.br\/site\/wp-json\/wp\/v2\/posts\/52951\/revisions\/52953"}],"wp:featuredmedia":[{"embeddable":true,"href":"https:\/\/radiostudiow.com.br\/site\/wp-json\/wp\/v2\/media\/52952"}],"wp:attachment":[{"href":"https:\/\/radiostudiow.com.br\/site\/wp-json\/wp\/v2\/media?parent=52951"}],"wp:term":[{"taxonomy":"category","embeddable":true,"href":"https:\/\/radiostudiow.com.br\/site\/wp-json\/wp\/v2\/categories?post=52951"},{"taxonomy":"post_tag","embeddable":true,"href":"https:\/\/radiostudiow.com.br\/site\/wp-json\/wp\/v2\/tags?post=52951"}],"curies":[{"name":"wp","href":"https:\/\/api.w.org\/{rel}","templated":true}]}}