{"id":52954,"date":"2026-08-31T14:37:24","date_gmt":"2026-08-31T17:37:24","guid":{"rendered":"https:\/\/radiostudiow.com.br\/site\/?p=52954"},"modified":"2026-08-31T14:37:25","modified_gmt":"2026-08-31T17:37:25","slug":"homem-e-preso-apos-agredir-mulher-resistir-a-abordagem-e-ameacar-policiais-em-reboucas","status":"publish","type":"post","link":"https:\/\/radiostudiow.com.br\/site\/2026\/08\/31\/homem-e-preso-apos-agredir-mulher-resistir-a-abordagem-e-ameacar-policiais-em-reboucas\/","title":{"rendered":"Homem \u00e9 preso ap\u00f3s agredir mulher, resistir \u00e0 abordagem e amea\u00e7ar policiais em Rebou\u00e7as"},"content":{"rendered":"\n<figure class=\"wp-block-image size-full\"><img loading=\"lazy\" decoding=\"async\" width=\"598\" height=\"204\" src=\"https:\/\/radiostudiow.com.br\/site\/wp-content\/uploads\/2025\/05\/POLAK.png\" alt=\"\" class=\"wp-image-37847\" srcset=\"https:\/\/radiostudiow.com.br\/site\/wp-content\/uploads\/2025\/05\/POLAK.png 598w, https:\/\/radiostudiow.com.br\/site\/wp-content\/uploads\/2025\/05\/POLAK-300x102.png 300w\" sizes=\"auto, (max-width: 598px) 100vw, 598px\" \/><\/figure>\n\n\n\n<p class=\"has-medium-font-size wp-block-paragraph\"><strong>Um homem foi preso na tarde de s\u00e1bado (29) ap\u00f3s uma ocorr\u00eancia de viol\u00eancia dom\u00e9stica em um estabelecimento comercial no munic\u00edpio de Rebou\u00e7as. Al\u00e9m de agredir a companheira, ele resistiu \u00e0 pris\u00e3o, amea\u00e7ou policiais militares e teve um ve\u00edculo recolhido por pend\u00eancias administrativas.<\/strong><\/p>\n\n\n\n<p class=\"wp-block-paragraph\">De acordo com a Pol\u00edcia Militar, a equipe foi acionada por volta das 16h55 para atender uma den\u00fancia de agress\u00e3o contra uma mulher. Ao chegar ao local, o suspeito tentou fugir pelos fundos do estabelecimento, mas foi acompanhado pelos policiais.<\/p>\n\n\n\n<p class=\"wp-block-paragraph\">Ainda segundo o boletim de ocorr\u00eancia, o homem desobedeceu diversas ordens de abordagem e ofereceu resist\u00eancia \u00e0 pris\u00e3o. Diante da situa\u00e7\u00e3o, os policiais utilizaram uma arma de incapacita\u00e7\u00e3o neuromuscular e algemas para cont\u00ea-lo.<\/p>\n\n\n\n<p class=\"wp-block-paragraph\">Imagens do sistema de monitoramento do estabelecimento registraram as agress\u00f5es entre o casal e auxiliaram na apura\u00e7\u00e3o dos fatos.<\/p>\n\n\n\n<figure class=\"wp-block-gallery has-nested-images columns-default is-cropped wp-block-gallery-1 is-layout-flex wp-block-gallery-is-layout-flex\">\n<figure class=\"wp-block-image size-large\"><img loading=\"lazy\" decoding=\"async\" width=\"300\" height=\"180\" data-id=\"39582\" src=\"https:\/\/radiostudiow.com.br\/site\/wp-content\/uploads\/2025\/06\/PLAY-HALL.png\" alt=\"\" class=\"wp-image-39582\"\/><\/figure>\n\n\n\n<figure class=\"wp-block-image size-large\"><img loading=\"lazy\" decoding=\"async\" width=\"1024\" height=\"614\" data-id=\"49503\" src=\"https:\/\/radiostudiow.com.br\/site\/wp-content\/uploads\/2026\/04\/654201482_1470964768373748_4081698801832202517_n-1-1024x614.jpg\" alt=\"\" class=\"wp-image-49503\" srcset=\"https:\/\/radiostudiow.com.br\/site\/wp-content\/uploads\/2026\/04\/654201482_1470964768373748_4081698801832202517_n-1-1024x614.jpg 1024w, https:\/\/radiostudiow.com.br\/site\/wp-content\/uploads\/2026\/04\/654201482_1470964768373748_4081698801832202517_n-1-300x180.jpg 300w, https:\/\/radiostudiow.com.br\/site\/wp-content\/uploads\/2026\/04\/654201482_1470964768373748_4081698801832202517_n-1-768x461.jpg 768w, https:\/\/radiostudiow.com.br\/site\/wp-content\/uploads\/2026\/04\/654201482_1470964768373748_4081698801832202517_n-1-1536x921.jpg 1536w, https:\/\/radiostudiow.com.br\/site\/wp-content\/uploads\/2026\/04\/654201482_1470964768373748_4081698801832202517_n-1-1000x600.jpg 1000w, https:\/\/radiostudiow.com.br\/site\/wp-content\/uploads\/2026\/04\/654201482_1470964768373748_4081698801832202517_n-1-590x354.jpg 590w, https:\/\/radiostudiow.com.br\/site\/wp-content\/uploads\/2026\/04\/654201482_1470964768373748_4081698801832202517_n-1-400x240.jpg 400w, https:\/\/radiostudiow.com.br\/site\/wp-content\/uploads\/2026\/04\/654201482_1470964768373748_4081698801832202517_n-1.jpg 1672w\" sizes=\"auto, (max-width: 1024px) 100vw, 1024px\" \/><\/figure>\n<\/figure>\n\n\n\n<p class=\"wp-block-paragraph\"><strong>Durante o atendimento, uma crian\u00e7a de apenas dois anos foi encontrada desacompanhada de um respons\u00e1vel, sendo encaminhada aos cuidados do Conselho Tutelar.<\/strong><\/p>\n\n\n\n<p class=\"wp-block-paragraph\">A v\u00edtima e o autor receberam atendimento m\u00e9dico, sendo constatadas les\u00f5es leves em ambos. Mesmo ap\u00f3s ser contido, o homem permaneceu agressivo e chegou a amea\u00e7ar os policiais durante a ocorr\u00eancia.<\/p>\n\n\n\n<p class=\"wp-block-paragraph\">Ap\u00f3s os procedimentos no local, ele foi encaminhado \u00e0 autoridade competente para as provid\u00eancias cab\u00edveis. Um ve\u00edculo ligado ao envolvido, que apresentava pend\u00eancias administrativas, tamb\u00e9m foi recolhido pelas equipes policiais.<\/p>\n\n\n\n<h2 class=\"wp-block-heading\">Informa\u00e7\u00f5es da 8\u00aa CIA da Pol\u00edcia Militar &#8211; Rep\u00f3rter Kiko de Oliveira\u00a0<br><\/h2>\n","protected":false},"excerpt":{"rendered":"<p>Um homem foi preso na tarde de s\u00e1bado (29) ap\u00f3s uma ocorr\u00eancia de viol\u00eancia dom\u00e9stica em um estabelecimento comercial no munic\u00edpio de Rebou\u00e7as. Al\u00e9m de agredir a companheira, ele resistiu \u00e0 pris\u00e3o, amea\u00e7ou policiais militares e teve um ve\u00edculo recolhido por pend\u00eancias administrativas. De acordo com a Pol\u00edcia Militar, a equipe foi acionada por volta [&hellip;]<\/p>\n","protected":false},"author":2,"featured_media":35298,"comment_status":"open","ping_status":"open","sticky":false,"template":"","format":"standard","meta":{"footnotes":""},"categories":[2],"tags":[172],"class_list":["post-52954","post","type-post","status-publish","format-standard","has-post-thumbnail","hentry","category-policial","tag-featured"],"amp_enabled":true,"_links":{"self":[{"href":"https:\/\/radiostudiow.com.br\/site\/wp-json\/wp\/v2\/posts\/52954","targetHints":{"allow":["GET"]}}],"collection":[{"href":"https:\/\/radiostudiow.com.br\/site\/wp-json\/wp\/v2\/posts"}],"about":[{"href":"https:\/\/radiostudiow.com.br\/site\/wp-json\/wp\/v2\/types\/post"}],"author":[{"embeddable":true,"href":"https:\/\/radiostudiow.com.br\/site\/wp-json\/wp\/v2\/users\/2"}],"replies":[{"embeddable":true,"href":"https:\/\/radiostudiow.com.br\/site\/wp-json\/wp\/v2\/comments?post=52954"}],"version-history":[{"count":1,"href":"https:\/\/radiostudiow.com.br\/site\/wp-json\/wp\/v2\/posts\/52954\/revisions"}],"predecessor-version":[{"id":52955,"href":"https:\/\/radiostudiow.com.br\/site\/wp-json\/wp\/v2\/posts\/52954\/revisions\/52955"}],"wp:featuredmedia":[{"embeddable":true,"href":"https:\/\/radiostudiow.com.br\/site\/wp-json\/wp\/v2\/media\/35298"}],"wp:attachment":[{"href":"https:\/\/radiostudiow.com.br\/site\/wp-json\/wp\/v2\/media?parent=52954"}],"wp:term":[{"taxonomy":"category","embeddable":true,"href":"https:\/\/radiostudiow.com.br\/site\/wp-json\/wp\/v2\/categories?post=52954"},{"taxonomy":"post_tag","embeddable":true,"href":"https:\/\/radiostudiow.com.br\/site\/wp-json\/wp\/v2\/tags?post=52954"}],"curies":[{"name":"wp","href":"https:\/\/api.w.org\/{rel}","templated":true}]}}