{"id":52956,"date":"2026-08-31T17:53:01","date_gmt":"2026-08-31T20:53:01","guid":{"rendered":"https:\/\/radiostudiow.com.br\/site\/?p=52956"},"modified":"2026-08-31T17:53:02","modified_gmt":"2026-08-31T20:53:02","slug":"motociclista-foge-da-policia-militar-provoca-acidente-e-deixa-duas-pessoas-feridas-em-rio-azul","status":"publish","type":"post","link":"https:\/\/radiostudiow.com.br\/site\/2026\/08\/31\/motociclista-foge-da-policia-militar-provoca-acidente-e-deixa-duas-pessoas-feridas-em-rio-azul\/","title":{"rendered":"Motociclista foge da Pol\u00edcia Militar, provoca acidente e deixa duas pessoas feridas em Rio Azul"},"content":{"rendered":"\n<figure class=\"wp-block-image size-full\"><img loading=\"lazy\" decoding=\"async\" width=\"731\" height=\"204\" src=\"https:\/\/radiostudiow.com.br\/site\/wp-content\/uploads\/2026\/05\/SAO-JOAO.png\" alt=\"\" class=\"wp-image-50164\" srcset=\"https:\/\/radiostudiow.com.br\/site\/wp-content\/uploads\/2026\/05\/SAO-JOAO.png 731w, https:\/\/radiostudiow.com.br\/site\/wp-content\/uploads\/2026\/05\/SAO-JOAO-300x84.png 300w\" sizes=\"auto, (max-width: 731px) 100vw, 731px\" \/><\/figure>\n\n\n\n<p class=\"wp-block-paragraph\">Uma tentativa de abordagem policial terminou em acidente de tr\u00e2nsito e deixou duas pessoas feridas na tarde de s\u00e1bado (29), na \u00e1rea central de Rio Azul.<\/p>\n\n\n\n<p class=\"wp-block-paragraph\"><strong>De acordo com a Pol\u00edcia Militar, por volta das 14h30, durante patrulhamento, a equipe visualizou uma motocicleta ocupada por duas pessoas trafegando com o escapamento alterado e realizando &#8220;corte de giro&#8221;, pr\u00e1tica que gera excesso de ru\u00eddo e \u00e9 proibida pela legisla\u00e7\u00e3o de tr\u00e2nsito.<\/strong><\/p>\n\n\n\n<p class=\"wp-block-paragraph\">Os policiais deram ordem de parada por meio de sinais sonoros e luminosos, por\u00e9m o condutor desobedeceu \u00e0 determina\u00e7\u00e3o e iniciou fuga em alta velocidade por aproximadamente dois quil\u00f4metros.<\/p>\n\n\n\n<p class=\"wp-block-paragraph\">Durante a tentativa de escapar da abordagem, ao realizar uma convers\u00e3o \u00e0 direita, o motociclista perdeu o controle devido \u00e0 velocidade excessiva e colidiu na lateral de um ve\u00edculo que estava parado na via, aguardando passagem.<\/p>\n\n\n\n<figure class=\"wp-block-image size-full\"><img loading=\"lazy\" decoding=\"async\" width=\"731\" height=\"204\" src=\"https:\/\/radiostudiow.com.br\/site\/wp-content\/uploads\/2026\/01\/BARROS-2026.png\" alt=\"\" class=\"wp-image-46173\" srcset=\"https:\/\/radiostudiow.com.br\/site\/wp-content\/uploads\/2026\/01\/BARROS-2026.png 731w, https:\/\/radiostudiow.com.br\/site\/wp-content\/uploads\/2026\/01\/BARROS-2026-300x84.png 300w\" sizes=\"auto, (max-width: 731px) 100vw, 731px\" \/><\/figure>\n\n\n\n<p class=\"wp-block-paragraph\">Com a for\u00e7a do impacto, o condutor e o passageiro da motocicleta sofreram ferimentos e foram socorridos por uma equipe do SAMU, sendo encaminhados ao hospital, onde permaneceram internados em observa\u00e7\u00e3o.<\/p>\n\n\n\n<p class=\"wp-block-paragraph\">Segundo a Pol\u00edcia Militar, tanto a motocicleta quanto o autom\u00f3vel envolvido estavam com a documenta\u00e7\u00e3o regular e foram liberados no local ap\u00f3s os procedimentos.<\/p>\n\n\n\n<p class=\"has-medium-font-size wp-block-paragraph\"><strong>A equipe confeccionou o Boletim de Acidente de Tr\u00e2nsito Eletr\u00f4nico (BATEU), realizou as notifica\u00e7\u00f5es de tr\u00e2nsito cab\u00edveis e lavrou um Termo Circunstanciado contra o condutor da motocicleta pelo crime de desobedi\u00eancia.<\/strong><\/p>\n\n\n\n<p class=\"wp-block-paragraph\"><\/p>\n\n\n\n<h2 class=\"wp-block-heading\">Informa\u00e7\u00f5es da 8\u00aa CIA da Pol\u00edcia Militar &#8211; Rep\u00f3rter Kiko de Oliveira<\/h2>\n\n\n\n<p class=\"wp-block-paragraph\"><\/p>\n","protected":false},"excerpt":{"rendered":"<p>Uma tentativa de abordagem policial terminou em acidente de tr\u00e2nsito e deixou duas pessoas feridas na tarde de s\u00e1bado (29), na \u00e1rea central de Rio Azul. De acordo com a Pol\u00edcia Militar, por volta das 14h30, durante patrulhamento, a equipe visualizou uma motocicleta ocupada por duas pessoas trafegando com o escapamento alterado e realizando &#8220;corte [&hellip;]<\/p>\n","protected":false},"author":2,"featured_media":52957,"comment_status":"open","ping_status":"open","sticky":false,"template":"","format":"standard","meta":{"footnotes":""},"categories":[2],"tags":[172],"class_list":["post-52956","post","type-post","status-publish","format-standard","has-post-thumbnail","hentry","category-policial","tag-featured"],"amp_enabled":true,"_links":{"self":[{"href":"https:\/\/radiostudiow.com.br\/site\/wp-json\/wp\/v2\/posts\/52956","targetHints":{"allow":["GET"]}}],"collection":[{"href":"https:\/\/radiostudiow.com.br\/site\/wp-json\/wp\/v2\/posts"}],"about":[{"href":"https:\/\/radiostudiow.com.br\/site\/wp-json\/wp\/v2\/types\/post"}],"author":[{"embeddable":true,"href":"https:\/\/radiostudiow.com.br\/site\/wp-json\/wp\/v2\/users\/2"}],"replies":[{"embeddable":true,"href":"https:\/\/radiostudiow.com.br\/site\/wp-json\/wp\/v2\/comments?post=52956"}],"version-history":[{"count":1,"href":"https:\/\/radiostudiow.com.br\/site\/wp-json\/wp\/v2\/posts\/52956\/revisions"}],"predecessor-version":[{"id":52958,"href":"https:\/\/radiostudiow.com.br\/site\/wp-json\/wp\/v2\/posts\/52956\/revisions\/52958"}],"wp:featuredmedia":[{"embeddable":true,"href":"https:\/\/radiostudiow.com.br\/site\/wp-json\/wp\/v2\/media\/52957"}],"wp:attachment":[{"href":"https:\/\/radiostudiow.com.br\/site\/wp-json\/wp\/v2\/media?parent=52956"}],"wp:term":[{"taxonomy":"category","embeddable":true,"href":"https:\/\/radiostudiow.com.br\/site\/wp-json\/wp\/v2\/categories?post=52956"},{"taxonomy":"post_tag","embeddable":true,"href":"https:\/\/radiostudiow.com.br\/site\/wp-json\/wp\/v2\/tags?post=52956"}],"curies":[{"name":"wp","href":"https:\/\/api.w.org\/{rel}","templated":true}]}}