{"id":52959,"date":"2026-08-31T18:41:53","date_gmt":"2026-08-31T21:41:53","guid":{"rendered":"https:\/\/radiostudiow.com.br\/site\/?p=52959"},"modified":"2026-08-31T18:41:54","modified_gmt":"2026-08-31T21:41:54","slug":"motocicleta-e-furtada-em-frente-a-estabelecimento-comercial-em-rio-azul","status":"publish","type":"post","link":"https:\/\/radiostudiow.com.br\/site\/2026\/08\/31\/motocicleta-e-furtada-em-frente-a-estabelecimento-comercial-em-rio-azul\/","title":{"rendered":"Motocicleta \u00e9 furtada em frente a estabelecimento comercial em Rio Azul"},"content":{"rendered":"\n<figure class=\"wp-block-image size-full\"><img loading=\"lazy\" decoding=\"async\" width=\"731\" height=\"204\" src=\"https:\/\/radiostudiow.com.br\/site\/wp-content\/uploads\/2026\/05\/MALLETUR.png\" alt=\"\" class=\"wp-image-50123\" srcset=\"https:\/\/radiostudiow.com.br\/site\/wp-content\/uploads\/2026\/05\/MALLETUR.png 731w, https:\/\/radiostudiow.com.br\/site\/wp-content\/uploads\/2026\/05\/MALLETUR-300x84.png 300w\" sizes=\"auto, (max-width: 731px) 100vw, 731px\" \/><\/figure>\n\n\n\n<p class=\"wp-block-paragraph\"><strong>Um morador de Rio Azul procurou a Pol\u00edcia Militar na manh\u00e3 de s\u00e1bado (29) para registrar o furto de sua motocicleta, ocorrido dois dias antes no munic\u00edpio.<\/strong><\/p>\n\n\n\n<p class=\"has-medium-font-size wp-block-paragraph\">Segundo o boletim de ocorr\u00eancia, por volta das 9h30, o propriet\u00e1rio compareceu ao destacamento policial informando que sua motocicleta, uma Honda CG de cor preta, havia sido furtada na quinta-feira (27), enquanto estava estacionada em frente a um estabelecimento comercial.<\/p>\n\n\n\n<p class=\"wp-block-paragraph\">Ap\u00f3s o registro da ocorr\u00eancia, a Pol\u00edcia Militar repassou \u00e0s demais equipes da companhia as caracter\u00edsticas do ve\u00edculo e as informa\u00e7\u00f5es sobre o suspeito, com o objetivo de intensificar as buscas e tentar localizar a motocicleta.<\/p>\n\n\n\n<figure class=\"wp-block-image size-large is-resized\"><img loading=\"lazy\" decoding=\"async\" width=\"1024\" height=\"614\" src=\"https:\/\/radiostudiow.com.br\/site\/wp-content\/uploads\/2026\/07\/HIPERFARMA-1024x614.png\" alt=\"\" class=\"wp-image-51902\" style=\"aspect-ratio:1.6677818079374582;width:424px;height:auto\" srcset=\"https:\/\/radiostudiow.com.br\/site\/wp-content\/uploads\/2026\/07\/HIPERFARMA-1024x614.png 1024w, https:\/\/radiostudiow.com.br\/site\/wp-content\/uploads\/2026\/07\/HIPERFARMA-300x180.png 300w, https:\/\/radiostudiow.com.br\/site\/wp-content\/uploads\/2026\/07\/HIPERFARMA-768x461.png 768w, https:\/\/radiostudiow.com.br\/site\/wp-content\/uploads\/2026\/07\/HIPERFARMA-1536x921.png 1536w, https:\/\/radiostudiow.com.br\/site\/wp-content\/uploads\/2026\/07\/HIPERFARMA-1000x600.png 1000w, https:\/\/radiostudiow.com.br\/site\/wp-content\/uploads\/2026\/07\/HIPERFARMA-590x354.png 590w, https:\/\/radiostudiow.com.br\/site\/wp-content\/uploads\/2026\/07\/HIPERFARMA-400x240.png 400w, https:\/\/radiostudiow.com.br\/site\/wp-content\/uploads\/2026\/07\/HIPERFARMA.png 1672w\" sizes=\"auto, (max-width: 1024px) 100vw, 1024px\" \/><\/figure>\n\n\n\n<p class=\"has-medium-font-size wp-block-paragraph\">O propriet\u00e1rio recebeu as orienta\u00e7\u00f5es necess\u00e1rias, e o caso seguir\u00e1 sendo investigado pelas autoridades competentes.<\/p>\n\n\n\n<h2 class=\"wp-block-heading has-medium-font-size\">Informa\u00e7\u00f5es da 8\u00aa CIA da Pol\u00edcia Militar &#8211; Rep\u00f3rter Kiko de Oliveira<\/h2>\n\n\n\n<p class=\"wp-block-paragraph\"><\/p>\n","protected":false},"excerpt":{"rendered":"<p>Um morador de Rio Azul procurou a Pol\u00edcia Militar na manh\u00e3 de s\u00e1bado (29) para registrar o furto de sua motocicleta, ocorrido dois dias antes no munic\u00edpio. Segundo o boletim de ocorr\u00eancia, por volta das 9h30, o propriet\u00e1rio compareceu ao destacamento policial informando que sua motocicleta, uma Honda CG de cor preta, havia sido furtada [&hellip;]<\/p>\n","protected":false},"author":2,"featured_media":52960,"comment_status":"open","ping_status":"open","sticky":false,"template":"","format":"standard","meta":{"footnotes":""},"categories":[185],"tags":[172],"class_list":["post-52959","post","type-post","status-publish","format-standard","has-post-thumbnail","hentry","category-regional","tag-featured"],"amp_enabled":true,"_links":{"self":[{"href":"https:\/\/radiostudiow.com.br\/site\/wp-json\/wp\/v2\/posts\/52959","targetHints":{"allow":["GET"]}}],"collection":[{"href":"https:\/\/radiostudiow.com.br\/site\/wp-json\/wp\/v2\/posts"}],"about":[{"href":"https:\/\/radiostudiow.com.br\/site\/wp-json\/wp\/v2\/types\/post"}],"author":[{"embeddable":true,"href":"https:\/\/radiostudiow.com.br\/site\/wp-json\/wp\/v2\/users\/2"}],"replies":[{"embeddable":true,"href":"https:\/\/radiostudiow.com.br\/site\/wp-json\/wp\/v2\/comments?post=52959"}],"version-history":[{"count":1,"href":"https:\/\/radiostudiow.com.br\/site\/wp-json\/wp\/v2\/posts\/52959\/revisions"}],"predecessor-version":[{"id":52961,"href":"https:\/\/radiostudiow.com.br\/site\/wp-json\/wp\/v2\/posts\/52959\/revisions\/52961"}],"wp:featuredmedia":[{"embeddable":true,"href":"https:\/\/radiostudiow.com.br\/site\/wp-json\/wp\/v2\/media\/52960"}],"wp:attachment":[{"href":"https:\/\/radiostudiow.com.br\/site\/wp-json\/wp\/v2\/media?parent=52959"}],"wp:term":[{"taxonomy":"category","embeddable":true,"href":"https:\/\/radiostudiow.com.br\/site\/wp-json\/wp\/v2\/categories?post=52959"},{"taxonomy":"post_tag","embeddable":true,"href":"https:\/\/radiostudiow.com.br\/site\/wp-json\/wp\/v2\/tags?post=52959"}],"curies":[{"name":"wp","href":"https:\/\/api.w.org\/{rel}","templated":true}]}}