{"id":52965,"date":"2026-08-31T19:15:04","date_gmt":"2026-08-31T22:15:04","guid":{"rendered":"https:\/\/radiostudiow.com.br\/site\/?p=52965"},"modified":"2026-08-31T19:15:05","modified_gmt":"2026-08-31T22:15:05","slug":"policia-militar-apreende-equipamento-de-som-apos-denuncias-de-perturbacao-do-sossego-em-mallet","status":"publish","type":"post","link":"https:\/\/radiostudiow.com.br\/site\/2026\/08\/31\/policia-militar-apreende-equipamento-de-som-apos-denuncias-de-perturbacao-do-sossego-em-mallet\/","title":{"rendered":"Pol\u00edcia Militar apreende equipamento de som ap\u00f3s den\u00fancias de perturba\u00e7\u00e3o do sossego em Mallet"},"content":{"rendered":"\n<figure class=\"wp-block-image size-large is-resized\"><img loading=\"lazy\" decoding=\"async\" width=\"1024\" height=\"1000\" src=\"https:\/\/radiostudiow.com.br\/site\/wp-content\/uploads\/2026\/08\/445e90d7-0b89-47bf-b2d4-a19f9b6b4be3-1024x1000.jpg\" alt=\"\" class=\"wp-image-52966\" style=\"width:443px;height:auto\" srcset=\"https:\/\/radiostudiow.com.br\/site\/wp-content\/uploads\/2026\/08\/445e90d7-0b89-47bf-b2d4-a19f9b6b4be3-1024x1000.jpg 1024w, https:\/\/radiostudiow.com.br\/site\/wp-content\/uploads\/2026\/08\/445e90d7-0b89-47bf-b2d4-a19f9b6b4be3-300x293.jpg 300w, https:\/\/radiostudiow.com.br\/site\/wp-content\/uploads\/2026\/08\/445e90d7-0b89-47bf-b2d4-a19f9b6b4be3-768x750.jpg 768w, https:\/\/radiostudiow.com.br\/site\/wp-content\/uploads\/2026\/08\/445e90d7-0b89-47bf-b2d4-a19f9b6b4be3-1536x1500.jpg 1536w, https:\/\/radiostudiow.com.br\/site\/wp-content\/uploads\/2026\/08\/445e90d7-0b89-47bf-b2d4-a19f9b6b4be3.jpg 1600w\" sizes=\"auto, (max-width: 1024px) 100vw, 1024px\" \/><\/figure>\n\n\n\n<p class=\"has-medium-font-size wp-block-paragraph\"><strong>A Pol\u00edcia Militar apreendeu um equipamento de som na noite de domingo (30), ap\u00f3s atender mais uma ocorr\u00eancia de perturba\u00e7\u00e3o do sossego em Mallet.<\/strong><\/p>\n\n\n\n<p class=\"has-medium-font-size wp-block-paragraph\">De acordo com o boletim de ocorr\u00eancia, por volta das 18h40, uma equipe foi acionada para verificar uma den\u00fancia de som alto. Ao chegar \u00e0 regi\u00e3o indicada, os policiais constataram que o volume do equipamento era excessivamente elevado, sendo poss\u00edvel ouvir o som a v\u00e1rias quadras de dist\u00e2ncia.<\/p>\n\n\n\n<p class=\"wp-block-paragraph\">Os militares localizaram a resid\u00eancia de onde partia o ru\u00eddo e orientaram o morador sobre os transtornos causados aos vizinhos. Conforme a Pol\u00edcia Militar, o endere\u00e7o j\u00e1 possu\u00eda hist\u00f3rico de reincid\u00eancia por ocorr\u00eancias da mesma natureza.<\/p>\n\n\n\n<figure class=\"wp-block-image size-full is-resized\"><img loading=\"lazy\" decoding=\"async\" width=\"1024\" height=\"997\" src=\"https:\/\/radiostudiow.com.br\/site\/wp-content\/uploads\/2026\/08\/2e322874-f4b1-4fad-8013-6804d0743fab.jpg\" alt=\"\" class=\"wp-image-52967\" style=\"aspect-ratio:1.027109086965951;width:448px;height:auto\" srcset=\"https:\/\/radiostudiow.com.br\/site\/wp-content\/uploads\/2026\/08\/2e322874-f4b1-4fad-8013-6804d0743fab.jpg 1024w, https:\/\/radiostudiow.com.br\/site\/wp-content\/uploads\/2026\/08\/2e322874-f4b1-4fad-8013-6804d0743fab-300x292.jpg 300w, https:\/\/radiostudiow.com.br\/site\/wp-content\/uploads\/2026\/08\/2e322874-f4b1-4fad-8013-6804d0743fab-768x748.jpg 768w\" sizes=\"auto, (max-width: 1024px) 100vw, 1024px\" \/><\/figure>\n\n\n\n<p class=\"wp-block-paragraph\">Diante da repeti\u00e7\u00e3o da infra\u00e7\u00e3o, o respons\u00e1vel pela resid\u00eancia foi encaminhado ao m\u00f3dulo policial, onde foi lavrado um Termo Circunstanciado de Infra\u00e7\u00e3o Penal (TCIP).<\/p>\n\n\n\n<p class=\"has-medium-font-size wp-block-paragraph\"><strong>Todo o equipamento de som utilizado para a pr\u00e1tica da perturba\u00e7\u00e3o do sossego foi apreendido pela Pol\u00edcia Militar, permanecendo \u00e0 disposi\u00e7\u00e3o da Justi\u00e7a.<\/strong><\/p>\n\n\n\n<h2 class=\"wp-block-heading\">INFORMA\u00c7\u00d5ES 27\u00ba BPM &#8211; 3\u00ba PELOT\u00c3O DE MALLET<\/h2>\n\n\n\n<p class=\"wp-block-paragraph\"><\/p>\n","protected":false},"excerpt":{"rendered":"<p>A Pol\u00edcia Militar apreendeu um equipamento de som na noite de domingo (30), ap\u00f3s atender mais uma ocorr\u00eancia de perturba\u00e7\u00e3o do sossego em Mallet. De acordo com o boletim de ocorr\u00eancia, por volta das 18h40, uma equipe foi acionada para verificar uma den\u00fancia de som alto. Ao chegar \u00e0 regi\u00e3o indicada, os policiais constataram que [&hellip;]<\/p>\n","protected":false},"author":2,"featured_media":52968,"comment_status":"open","ping_status":"open","sticky":false,"template":"","format":"standard","meta":{"footnotes":""},"categories":[184],"tags":[172],"class_list":["post-52965","post","type-post","status-publish","format-standard","has-post-thumbnail","hentry","category-local","tag-featured"],"amp_enabled":true,"_links":{"self":[{"href":"https:\/\/radiostudiow.com.br\/site\/wp-json\/wp\/v2\/posts\/52965","targetHints":{"allow":["GET"]}}],"collection":[{"href":"https:\/\/radiostudiow.com.br\/site\/wp-json\/wp\/v2\/posts"}],"about":[{"href":"https:\/\/radiostudiow.com.br\/site\/wp-json\/wp\/v2\/types\/post"}],"author":[{"embeddable":true,"href":"https:\/\/radiostudiow.com.br\/site\/wp-json\/wp\/v2\/users\/2"}],"replies":[{"embeddable":true,"href":"https:\/\/radiostudiow.com.br\/site\/wp-json\/wp\/v2\/comments?post=52965"}],"version-history":[{"count":1,"href":"https:\/\/radiostudiow.com.br\/site\/wp-json\/wp\/v2\/posts\/52965\/revisions"}],"predecessor-version":[{"id":52969,"href":"https:\/\/radiostudiow.com.br\/site\/wp-json\/wp\/v2\/posts\/52965\/revisions\/52969"}],"wp:featuredmedia":[{"embeddable":true,"href":"https:\/\/radiostudiow.com.br\/site\/wp-json\/wp\/v2\/media\/52968"}],"wp:attachment":[{"href":"https:\/\/radiostudiow.com.br\/site\/wp-json\/wp\/v2\/media?parent=52965"}],"wp:term":[{"taxonomy":"category","embeddable":true,"href":"https:\/\/radiostudiow.com.br\/site\/wp-json\/wp\/v2\/categories?post=52965"},{"taxonomy":"post_tag","embeddable":true,"href":"https:\/\/radiostudiow.com.br\/site\/wp-json\/wp\/v2\/tags?post=52965"}],"curies":[{"name":"wp","href":"https:\/\/api.w.org\/{rel}","templated":true}]}}