{"id":52975,"date":"2026-09-01T17:10:53","date_gmt":"2026-09-01T20:10:53","guid":{"rendered":"https:\/\/radiostudiow.com.br\/site\/?p=52975"},"modified":"2026-09-01T17:10:54","modified_gmt":"2026-09-01T20:10:54","slug":"policia-militar-de-antonio-olinto-cumpriu-mandado-de-prisao","status":"publish","type":"post","link":"https:\/\/radiostudiow.com.br\/site\/2026\/09\/01\/policia-militar-de-antonio-olinto-cumpriu-mandado-de-prisao\/","title":{"rendered":"Pol\u00edcia Militar de Ant\u00f4nio Olinto cumpriu mandado de pris\u00e3o"},"content":{"rendered":"\n<figure class=\"wp-block-gallery has-nested-images columns-default is-cropped wp-block-gallery-1 is-layout-flex wp-block-gallery-is-layout-flex\">\n<figure class=\"wp-block-image size-large\"><img loading=\"lazy\" decoding=\"async\" width=\"731\" height=\"204\" data-id=\"50709\" src=\"https:\/\/radiostudiow.com.br\/site\/wp-content\/uploads\/2026\/06\/BARAO.png\" alt=\"\" class=\"wp-image-50709\" srcset=\"https:\/\/radiostudiow.com.br\/site\/wp-content\/uploads\/2026\/06\/BARAO.png 731w, https:\/\/radiostudiow.com.br\/site\/wp-content\/uploads\/2026\/06\/BARAO-300x84.png 300w\" sizes=\"auto, (max-width: 731px) 100vw, 731px\" \/><\/figure>\n<\/figure>\n\n\n\n<p class=\"wp-block-paragraph\">A equipe da Pol\u00edcia Militar de Ant\u00f4nio Olinto cumpriu um mandado de pris\u00e3o na \u00e1rea central de contra um homem condenado a mais de 11 anos de reclus\u00e3o por furto, que teve regress\u00e3o para o regime fechado decretada pela Justi\u00e7a.<\/p>\n\n\n\n<p class=\"wp-block-paragraph\">A situa\u00e7\u00e3o ocorreu por volta das 21h30min dessa segunda-feira (31).<\/p>\n\n\n\n<p class=\"wp-block-paragraph\">O suspeito foi localizado em sua resid\u00eancia ap\u00f3s trabalho de intelig\u00eancia, o detido foi entregue ao Departamento Penitenci\u00e1rio (DEPEN) em S\u00e3o Mateus do Sul, onde permanece \u00e0 disposi\u00e7\u00e3o do Poder Judici\u00e1rio.<\/p>\n","protected":false},"excerpt":{"rendered":"<p>A equipe da Pol\u00edcia Militar de Ant\u00f4nio Olinto cumpriu um mandado de pris\u00e3o na \u00e1rea central de contra um homem condenado a mais de 11 anos de reclus\u00e3o por furto, que teve regress\u00e3o para o regime fechado decretada pela Justi\u00e7a. A situa\u00e7\u00e3o ocorreu por volta das 21h30min dessa segunda-feira (31). O suspeito foi localizado em [&hellip;]<\/p>\n","protected":false},"author":2,"featured_media":32317,"comment_status":"open","ping_status":"open","sticky":false,"template":"","format":"standard","meta":{"footnotes":""},"categories":[2],"tags":[172],"class_list":["post-52975","post","type-post","status-publish","format-standard","has-post-thumbnail","hentry","category-policial","tag-featured"],"amp_enabled":true,"_links":{"self":[{"href":"https:\/\/radiostudiow.com.br\/site\/wp-json\/wp\/v2\/posts\/52975","targetHints":{"allow":["GET"]}}],"collection":[{"href":"https:\/\/radiostudiow.com.br\/site\/wp-json\/wp\/v2\/posts"}],"about":[{"href":"https:\/\/radiostudiow.com.br\/site\/wp-json\/wp\/v2\/types\/post"}],"author":[{"embeddable":true,"href":"https:\/\/radiostudiow.com.br\/site\/wp-json\/wp\/v2\/users\/2"}],"replies":[{"embeddable":true,"href":"https:\/\/radiostudiow.com.br\/site\/wp-json\/wp\/v2\/comments?post=52975"}],"version-history":[{"count":3,"href":"https:\/\/radiostudiow.com.br\/site\/wp-json\/wp\/v2\/posts\/52975\/revisions"}],"predecessor-version":[{"id":52992,"href":"https:\/\/radiostudiow.com.br\/site\/wp-json\/wp\/v2\/posts\/52975\/revisions\/52992"}],"wp:featuredmedia":[{"embeddable":true,"href":"https:\/\/radiostudiow.com.br\/site\/wp-json\/wp\/v2\/media\/32317"}],"wp:attachment":[{"href":"https:\/\/radiostudiow.com.br\/site\/wp-json\/wp\/v2\/media?parent=52975"}],"wp:term":[{"taxonomy":"category","embeddable":true,"href":"https:\/\/radiostudiow.com.br\/site\/wp-json\/wp\/v2\/categories?post=52975"},{"taxonomy":"post_tag","embeddable":true,"href":"https:\/\/radiostudiow.com.br\/site\/wp-json\/wp\/v2\/tags?post=52975"}],"curies":[{"name":"wp","href":"https:\/\/api.w.org\/{rel}","templated":true}]}}