{"id":52977,"date":"2026-09-01T09:56:32","date_gmt":"2026-09-01T12:56:32","guid":{"rendered":"https:\/\/radiostudiow.com.br\/site\/?p=52977"},"modified":"2026-09-01T09:56:33","modified_gmt":"2026-09-01T12:56:33","slug":"tragedia-na-br-476-homem-morre-em-acidente-no-mesmo-trecho-onde-a-esposa-faleceu-em-2025","status":"publish","type":"post","link":"https:\/\/radiostudiow.com.br\/site\/2026\/09\/01\/tragedia-na-br-476-homem-morre-em-acidente-no-mesmo-trecho-onde-a-esposa-faleceu-em-2025\/","title":{"rendered":"Trag\u00e9dia na BR-476: Homem morre em acidente no mesmo trecho onde a esposa faleceu em 2025"},"content":{"rendered":"\n<figure class=\"wp-block-image size-full\"><img loading=\"lazy\" decoding=\"async\" width=\"731\" height=\"246\" src=\"https:\/\/radiostudiow.com.br\/site\/wp-content\/uploads\/2026\/08\/VITALY.png\" alt=\"\" class=\"wp-image-52200\" srcset=\"https:\/\/radiostudiow.com.br\/site\/wp-content\/uploads\/2026\/08\/VITALY.png 731w, https:\/\/radiostudiow.com.br\/site\/wp-content\/uploads\/2026\/08\/VITALY-300x101.png 300w\" sizes=\"auto, (max-width: 731px) 100vw, 731px\" \/><\/figure>\n\n\n\n<p class=\"has-text-align-center wp-block-paragraph\"><em>Da reda\u00e7\u00e3o <strong><a href=\"https:\/\/www.facebook.com\/reportertiagoamaral\" data-type=\"link\" data-id=\"https:\/\/www.facebook.com\/reportertiagoamaral\">Rep\u00f3rter Tiago Amaral<\/a><\/strong><\/em><\/p>\n\n\n\n<p class=\"wp-block-paragraph\">Uma hist\u00f3ria marcada por trag\u00e9dias e que tem como cen\u00e1rio a mesma rodovia. Para uma fam\u00edlia, a BR-476 acabou se tornando palco de perdas irrepar\u00e1veis ao longo dos anos.<\/p>\n\n\n\n<p class=\"has-undefined-color has-text-color has-link-color wp-elements-910fc40b6e8e59bee28a06a7f44fc8af wp-block-paragraph\"><strong><a href=\"https:\/\/radiostudiow.com.br\/site\/2025\/01\/09\/foram-identificadas-as-vitimas-do-grave-acidente-envolvendo-duas-carretas-ocorrido-na-rodovia-do-xisto-br-476-em-paulo-frontin\/\" data-type=\"link\" data-id=\"https:\/\/radiostudiow.com.br\/site\/2025\/01\/09\/foram-identificadas-as-vitimas-do-grave-acidente-envolvendo-duas-carretas-ocorrido-na-rodovia-do-xisto-br-476-em-paulo-frontin\/\">Em janeiro de 2025, Josiane Aparecida Levandoski Cavalheiro , de 35 anos, morreu ap\u00f3s o caminh\u00e3o que conduzia, carregado com combust\u00edvel, colidir contra outro caminh\u00e3o. <\/a>O acidente aconteceu na regi\u00e3o da localidade de S\u00e3o Roque, em Paulo Frontin. Naquele acidente, os dois motoristas envolvidos na colis\u00e3o morreram.<\/strong><\/p>\n\n\n\n<p class=\"wp-block-paragraph\">Pouco mais de um ano e meio depois, a fam\u00edlia voltou a ser atingida por uma trag\u00e9dia na mesma rodovia. Na noite desta segunda-feira (31), o marido de Josiane, Jo\u00e3o Paulo Cavalheiro, tamb\u00e9m perdeu a vida em um grave acidente registrado na regi\u00e3o pr\u00f3xima ao Posto Drag\u00e3o, em Paula Freitas.<\/p>\n\n\n\n<figure class=\"wp-block-image size-full\"><img loading=\"lazy\" decoding=\"async\" width=\"598\" height=\"204\" src=\"https:\/\/radiostudiow.com.br\/site\/wp-content\/uploads\/2024\/01\/SITE-MEDIO.png\" alt=\"\" class=\"wp-image-18916\" srcset=\"https:\/\/radiostudiow.com.br\/site\/wp-content\/uploads\/2024\/01\/SITE-MEDIO.png 598w, https:\/\/radiostudiow.com.br\/site\/wp-content\/uploads\/2024\/01\/SITE-MEDIO-300x102.png 300w\" sizes=\"auto, (max-width: 598px) 100vw, 598px\" \/><\/figure>\n\n\n\n<p class=\"wp-block-paragraph\">At\u00e9 o momento, ainda n\u00e3o foram divulgados detalhes sobre as circunst\u00e2ncias do acidente. As informa\u00e7\u00f5es oficiais s\u00e3o aguardadas para esclarecer como a ocorr\u00eancia aconteceu.<\/p>\n\n\n\n<p class=\"wp-block-paragraph\">E a hist\u00f3ria se torna ainda mais dolorosa: h\u00e1 aproximadamente 19 anos, o irm\u00e3o de Josiane tamb\u00e9m havia perdido a vida em um acidente na BR-476. Tr\u00eas trag\u00e9dias, envolvendo pessoas da mesma fam\u00edlia, separadas pelo tempo, mas tendo como cen\u00e1rio a mesma rodovia.<\/p>\n\n\n\n<p class=\"wp-block-paragraph\">Uma sequ\u00eancia de acontecimentos que deixa uma marca profunda e dif\u00edcil de compreender para familiares e amigos, que novamente enfrentam a dor da perda.<\/p>\n\n\n\n<figure class=\"wp-block-gallery has-nested-images columns-default is-cropped wp-block-gallery-1 is-layout-flex wp-block-gallery-is-layout-flex\">\n<figure class=\"wp-block-image size-large\"><img loading=\"lazy\" decoding=\"async\" width=\"1024\" height=\"614\" data-id=\"51903\" src=\"https:\/\/radiostudiow.com.br\/site\/wp-content\/uploads\/2026\/07\/QUERO-QUERO-MALLET-1024x614.png\" alt=\"\" class=\"wp-image-51903\" srcset=\"https:\/\/radiostudiow.com.br\/site\/wp-content\/uploads\/2026\/07\/QUERO-QUERO-MALLET-1024x614.png 1024w, https:\/\/radiostudiow.com.br\/site\/wp-content\/uploads\/2026\/07\/QUERO-QUERO-MALLET-300x180.png 300w, https:\/\/radiostudiow.com.br\/site\/wp-content\/uploads\/2026\/07\/QUERO-QUERO-MALLET-768x461.png 768w, https:\/\/radiostudiow.com.br\/site\/wp-content\/uploads\/2026\/07\/QUERO-QUERO-MALLET-1536x921.png 1536w, https:\/\/radiostudiow.com.br\/site\/wp-content\/uploads\/2026\/07\/QUERO-QUERO-MALLET-1000x600.png 1000w, https:\/\/radiostudiow.com.br\/site\/wp-content\/uploads\/2026\/07\/QUERO-QUERO-MALLET-590x354.png 590w, https:\/\/radiostudiow.com.br\/site\/wp-content\/uploads\/2026\/07\/QUERO-QUERO-MALLET-400x240.png 400w, https:\/\/radiostudiow.com.br\/site\/wp-content\/uploads\/2026\/07\/QUERO-QUERO-MALLET.png 1672w\" sizes=\"auto, (max-width: 1024px) 100vw, 1024px\" \/><\/figure>\n\n\n\n<figure class=\"wp-block-image size-large\"><img loading=\"lazy\" decoding=\"async\" width=\"1024\" height=\"614\" data-id=\"51902\" src=\"https:\/\/radiostudiow.com.br\/site\/wp-content\/uploads\/2026\/07\/HIPERFARMA-1024x614.png\" alt=\"\" class=\"wp-image-51902\" srcset=\"https:\/\/radiostudiow.com.br\/site\/wp-content\/uploads\/2026\/07\/HIPERFARMA-1024x614.png 1024w, https:\/\/radiostudiow.com.br\/site\/wp-content\/uploads\/2026\/07\/HIPERFARMA-300x180.png 300w, https:\/\/radiostudiow.com.br\/site\/wp-content\/uploads\/2026\/07\/HIPERFARMA-768x461.png 768w, https:\/\/radiostudiow.com.br\/site\/wp-content\/uploads\/2026\/07\/HIPERFARMA-1536x921.png 1536w, https:\/\/radiostudiow.com.br\/site\/wp-content\/uploads\/2026\/07\/HIPERFARMA-1000x600.png 1000w, https:\/\/radiostudiow.com.br\/site\/wp-content\/uploads\/2026\/07\/HIPERFARMA-590x354.png 590w, https:\/\/radiostudiow.com.br\/site\/wp-content\/uploads\/2026\/07\/HIPERFARMA-400x240.png 400w, https:\/\/radiostudiow.com.br\/site\/wp-content\/uploads\/2026\/07\/HIPERFARMA.png 1672w\" sizes=\"auto, (max-width: 1024px) 100vw, 1024px\" \/><\/figure>\n<\/figure>\n\n\n\n<figure class=\"wp-block-embed is-type-wp-embed is-provider-studio-w wp-block-embed-studio-w\"><div class=\"wp-block-embed__wrapper\">\n<blockquote class=\"wp-embedded-content\" data-secret=\"9yeiFywIRj\"><a href=\"https:\/\/radiostudiow.com.br\/site\/2025\/01\/09\/foram-identificadas-as-vitimas-do-grave-acidente-envolvendo-duas-carretas-ocorrido-na-rodovia-do-xisto-br-476-em-paulo-frontin\/\">Dois caminhoneiros morreram em grave acidente envolvendo duas carretas na BR-476 em Paulo Frontin<\/a><\/blockquote><iframe loading=\"lazy\" class=\"wp-embedded-content\" sandbox=\"allow-scripts\" security=\"restricted\" style=\"position: absolute; visibility: hidden;\" title=\"\u201cDois caminhoneiros morreram em grave acidente envolvendo duas carretas na BR-476 em Paulo Frontin\u201d \u2014 Studio W\" src=\"https:\/\/radiostudiow.com.br\/site\/2025\/01\/09\/foram-identificadas-as-vitimas-do-grave-acidente-envolvendo-duas-carretas-ocorrido-na-rodovia-do-xisto-br-476-em-paulo-frontin\/embed\/#?secret=zq2M9e7FGE#?secret=9yeiFywIRj\" data-secret=\"9yeiFywIRj\" width=\"600\" height=\"338\" frameborder=\"0\" marginwidth=\"0\" marginheight=\"0\" scrolling=\"no\"><\/iframe>\n<\/div><\/figure>\n\n\n\n<p class=\"wp-block-paragraph\"><em>A coincid\u00eancia tr\u00e1gica comoveu moradores da regi\u00e3o e amigos do casal, que prestaram diversas homenagens nas redes sociais ao relembrar a mem\u00f3ria de ambos, cujas vidas foram interrompidas em acidentes no mesmo trecho rodovi\u00e1rio em datas diferentes.<\/em><\/p>\n\n\n\n<figure class=\"wp-block-image size-full\"><img loading=\"lazy\" decoding=\"async\" width=\"685\" height=\"1024\" src=\"https:\/\/radiostudiow.com.br\/site\/wp-content\/uploads\/2026\/09\/image.png\" alt=\"\" class=\"wp-image-52978\" srcset=\"https:\/\/radiostudiow.com.br\/site\/wp-content\/uploads\/2026\/09\/image.png 685w, https:\/\/radiostudiow.com.br\/site\/wp-content\/uploads\/2026\/09\/image-201x300.png 201w\" sizes=\"auto, (max-width: 685px) 100vw, 685px\" \/><\/figure>\n","protected":false},"excerpt":{"rendered":"<p>Da reda\u00e7\u00e3o Rep\u00f3rter Tiago Amaral Uma hist\u00f3ria marcada por trag\u00e9dias e que tem como cen\u00e1rio a mesma rodovia. Para uma fam\u00edlia, a BR-476 acabou se tornando palco de perdas irrepar\u00e1veis ao longo dos anos. Em janeiro de 2025, Josiane Aparecida Levandoski Cavalheiro , de 35 anos, morreu ap\u00f3s o caminh\u00e3o que conduzia, carregado com combust\u00edvel, [&hellip;]<\/p>\n","protected":false},"author":2,"featured_media":52983,"comment_status":"open","ping_status":"open","sticky":false,"template":"","format":"standard","meta":{"footnotes":""},"categories":[185],"tags":[172],"class_list":["post-52977","post","type-post","status-publish","format-standard","has-post-thumbnail","hentry","category-regional","tag-featured"],"amp_enabled":true,"_links":{"self":[{"href":"https:\/\/radiostudiow.com.br\/site\/wp-json\/wp\/v2\/posts\/52977","targetHints":{"allow":["GET"]}}],"collection":[{"href":"https:\/\/radiostudiow.com.br\/site\/wp-json\/wp\/v2\/posts"}],"about":[{"href":"https:\/\/radiostudiow.com.br\/site\/wp-json\/wp\/v2\/types\/post"}],"author":[{"embeddable":true,"href":"https:\/\/radiostudiow.com.br\/site\/wp-json\/wp\/v2\/users\/2"}],"replies":[{"embeddable":true,"href":"https:\/\/radiostudiow.com.br\/site\/wp-json\/wp\/v2\/comments?post=52977"}],"version-history":[{"count":2,"href":"https:\/\/radiostudiow.com.br\/site\/wp-json\/wp\/v2\/posts\/52977\/revisions"}],"predecessor-version":[{"id":52984,"href":"https:\/\/radiostudiow.com.br\/site\/wp-json\/wp\/v2\/posts\/52977\/revisions\/52984"}],"wp:featuredmedia":[{"embeddable":true,"href":"https:\/\/radiostudiow.com.br\/site\/wp-json\/wp\/v2\/media\/52983"}],"wp:attachment":[{"href":"https:\/\/radiostudiow.com.br\/site\/wp-json\/wp\/v2\/media?parent=52977"}],"wp:term":[{"taxonomy":"category","embeddable":true,"href":"https:\/\/radiostudiow.com.br\/site\/wp-json\/wp\/v2\/categories?post=52977"},{"taxonomy":"post_tag","embeddable":true,"href":"https:\/\/radiostudiow.com.br\/site\/wp-json\/wp\/v2\/tags?post=52977"}],"curies":[{"name":"wp","href":"https:\/\/api.w.org\/{rel}","templated":true}]}}