{"id":52987,"date":"2026-09-01T14:21:06","date_gmt":"2026-09-01T17:21:06","guid":{"rendered":"https:\/\/radiostudiow.com.br\/site\/?p=52987"},"modified":"2026-09-01T14:21:07","modified_gmt":"2026-09-01T17:21:07","slug":"mulher-e-resgatada-apos-veiculo-ser-arrastado-por-correnteza-em-area-alagada-de-paulo-frontin","status":"publish","type":"post","link":"https:\/\/radiostudiow.com.br\/site\/2026\/09\/01\/mulher-e-resgatada-apos-veiculo-ser-arrastado-por-correnteza-em-area-alagada-de-paulo-frontin\/","title":{"rendered":"Mulher \u00e9 resgatada ap\u00f3s ve\u00edculo ser arrastado por correnteza em \u00e1rea alagada de Paulo Frontin"},"content":{"rendered":"\n<figure class=\"wp-block-image size-large\"><img loading=\"lazy\" decoding=\"async\" width=\"1024\" height=\"326\" src=\"https:\/\/radiostudiow.com.br\/site\/wp-content\/uploads\/2026\/08\/AFT_SICREDI_92631_AN_AGRO_INSTITUCIONAL_261X83-1024x326.png\" alt=\"\" class=\"wp-image-52311\" srcset=\"https:\/\/radiostudiow.com.br\/site\/wp-content\/uploads\/2026\/08\/AFT_SICREDI_92631_AN_AGRO_INSTITUCIONAL_261X83-1024x326.png 1024w, https:\/\/radiostudiow.com.br\/site\/wp-content\/uploads\/2026\/08\/AFT_SICREDI_92631_AN_AGRO_INSTITUCIONAL_261X83-300x95.png 300w, https:\/\/radiostudiow.com.br\/site\/wp-content\/uploads\/2026\/08\/AFT_SICREDI_92631_AN_AGRO_INSTITUCIONAL_261X83-768x244.png 768w, https:\/\/radiostudiow.com.br\/site\/wp-content\/uploads\/2026\/08\/AFT_SICREDI_92631_AN_AGRO_INSTITUCIONAL_261X83-1536x488.png 1536w, https:\/\/radiostudiow.com.br\/site\/wp-content\/uploads\/2026\/08\/AFT_SICREDI_92631_AN_AGRO_INSTITUCIONAL_261X83-2048x651.png 2048w\" sizes=\"auto, (max-width: 1024px) 100vw, 1024px\" \/><\/figure>\n\n\n\n<p class=\"wp-block-paragraph\">Diversos pontos de alagamento foram registrados no interior de Paulo Frontin nesta ter\u00e7a-feira (1\u00ba), exigindo aten\u00e7\u00e3o redobrada dos motoristas que trafegam pelas estradas rurais do munic\u00edpio.<\/p>\n\n\n\n<p class=\"has-medium-font-size wp-block-paragraph\"><strong>Uma das ocorr\u00eancias foi registrada na estrada da comunidade de Vera Guarani, onde uma mulher de 43 anos precisou ser resgatada ap\u00f3s o ve\u00edculo que conduzia ser arrastado pela forte correnteza.<\/strong><\/p>\n\n\n\n<p class=\"wp-block-paragraph\">De acordo com as informa\u00e7\u00f5es, a motorista seguia em dire\u00e7\u00e3o \u00e0 cidade quando tentou atravessar um trecho alagado. No entanto, ela n\u00e3o conseguiu vencer a for\u00e7a da correnteza da inunda\u00e7\u00e3o, e o autom\u00f3vel acabou sendo arrastado pela \u00e1gua.<\/p>\n\n\n\n<p class=\"has-medium-font-size wp-block-paragraph\"><strong>Os Brigadistas Volunt\u00e1rios de Paulo Frontin<\/strong> foram acionados e realizaram o resgate da v\u00edtima, que n\u00e3o apresentava les\u00f5es. Ap\u00f3s o atendimento no local, <strong>ela foi encaminhada ao Pronto Atendimento de Paulo Frontin<\/strong> para avalia\u00e7\u00e3o m\u00e9dica, sem gravidade.<\/p>\n\n\n\n<figure class=\"wp-block-image size-full\"><img loading=\"lazy\" decoding=\"async\" width=\"731\" height=\"204\" src=\"https:\/\/radiostudiow.com.br\/site\/wp-content\/uploads\/2026\/05\/MALLETUR.png\" alt=\"\" class=\"wp-image-50123\" srcset=\"https:\/\/radiostudiow.com.br\/site\/wp-content\/uploads\/2026\/05\/MALLETUR.png 731w, https:\/\/radiostudiow.com.br\/site\/wp-content\/uploads\/2026\/05\/MALLETUR-300x84.png 300w\" sizes=\"auto, (max-width: 731px) 100vw, 731px\" \/><\/figure>\n\n\n\n<p class=\"wp-block-paragraph\" style=\"font-size:24px\"><strong>Diante da situa\u00e7\u00e3o, os Brigadistas Volunt\u00e1rios refor\u00e7am o alerta para que motoristas n\u00e3o tentem atravessar trechos alagados, pois a for\u00e7a da correnteza pode arrastar ve\u00edculos e colocar vidas em risco. A orienta\u00e7\u00e3o \u00e9 que, ao encontrar pontos de inunda\u00e7\u00e3o, os condutores procurem rotas alternativas e aguardem at\u00e9 que as condi\u00e7\u00f5es da via sejam restabelecidas.<\/strong><\/p>\n\n\n\n<p class=\"wp-block-paragraph\"><\/p>\n\n\n\n<h2 class=\"wp-block-heading has-medium-font-size\">Informa\u00e7\u00f5es: Studio W Jornal W Not\u00edcias\/ Brigadistas Volunt\u00e1rios <\/h2>\n\n\n\n<h2 class=\"wp-block-heading has-medium-font-size\">Imagens: M.M.<\/h2>\n\n\n\n<p class=\"wp-block-paragraph\"><\/p>\n","protected":false},"excerpt":{"rendered":"<p>Diversos pontos de alagamento foram registrados no interior de Paulo Frontin nesta ter\u00e7a-feira (1\u00ba), exigindo aten\u00e7\u00e3o redobrada dos motoristas que trafegam pelas estradas rurais do munic\u00edpio. Uma das ocorr\u00eancias foi registrada na estrada da comunidade de Vera Guarani, onde uma mulher de 43 anos precisou ser resgatada ap\u00f3s o ve\u00edculo que conduzia ser arrastado pela [&hellip;]<\/p>\n","protected":false},"author":2,"featured_media":52988,"comment_status":"open","ping_status":"open","sticky":false,"template":"","format":"standard","meta":{"footnotes":""},"categories":[185],"tags":[172],"class_list":["post-52987","post","type-post","status-publish","format-standard","has-post-thumbnail","hentry","category-regional","tag-featured"],"amp_enabled":true,"_links":{"self":[{"href":"https:\/\/radiostudiow.com.br\/site\/wp-json\/wp\/v2\/posts\/52987","targetHints":{"allow":["GET"]}}],"collection":[{"href":"https:\/\/radiostudiow.com.br\/site\/wp-json\/wp\/v2\/posts"}],"about":[{"href":"https:\/\/radiostudiow.com.br\/site\/wp-json\/wp\/v2\/types\/post"}],"author":[{"embeddable":true,"href":"https:\/\/radiostudiow.com.br\/site\/wp-json\/wp\/v2\/users\/2"}],"replies":[{"embeddable":true,"href":"https:\/\/radiostudiow.com.br\/site\/wp-json\/wp\/v2\/comments?post=52987"}],"version-history":[{"count":1,"href":"https:\/\/radiostudiow.com.br\/site\/wp-json\/wp\/v2\/posts\/52987\/revisions"}],"predecessor-version":[{"id":52989,"href":"https:\/\/radiostudiow.com.br\/site\/wp-json\/wp\/v2\/posts\/52987\/revisions\/52989"}],"wp:featuredmedia":[{"embeddable":true,"href":"https:\/\/radiostudiow.com.br\/site\/wp-json\/wp\/v2\/media\/52988"}],"wp:attachment":[{"href":"https:\/\/radiostudiow.com.br\/site\/wp-json\/wp\/v2\/media?parent=52987"}],"wp:term":[{"taxonomy":"category","embeddable":true,"href":"https:\/\/radiostudiow.com.br\/site\/wp-json\/wp\/v2\/categories?post=52987"},{"taxonomy":"post_tag","embeddable":true,"href":"https:\/\/radiostudiow.com.br\/site\/wp-json\/wp\/v2\/tags?post=52987"}],"curies":[{"name":"wp","href":"https:\/\/api.w.org\/{rel}","templated":true}]}}