{"id":52994,"date":"2026-09-02T16:13:54","date_gmt":"2026-09-02T19:13:54","guid":{"rendered":"https:\/\/radiostudiow.com.br\/site\/?p=52994"},"modified":"2026-09-02T16:13:54","modified_gmt":"2026-09-02T19:13:54","slug":"motorista-e-preso-apos-colidir-carro-contra-portao-de-residencia-em-rio-azul","status":"publish","type":"post","link":"https:\/\/radiostudiow.com.br\/site\/2026\/09\/02\/motorista-e-preso-apos-colidir-carro-contra-portao-de-residencia-em-rio-azul\/","title":{"rendered":"Motorista \u00e9 preso ap\u00f3s colidir carro contra port\u00e3o de resid\u00eancia em Rio Azul"},"content":{"rendered":"\n<figure class=\"wp-block-image size-large\"><img loading=\"lazy\" decoding=\"async\" width=\"1024\" height=\"326\" src=\"https:\/\/radiostudiow.com.br\/site\/wp-content\/uploads\/2026\/08\/AFT_SICREDI_92631_AN_AGRO_INSTITUCIONAL_261X83-1024x326.png\" alt=\"\" class=\"wp-image-52311\" srcset=\"https:\/\/radiostudiow.com.br\/site\/wp-content\/uploads\/2026\/08\/AFT_SICREDI_92631_AN_AGRO_INSTITUCIONAL_261X83-1024x326.png 1024w, https:\/\/radiostudiow.com.br\/site\/wp-content\/uploads\/2026\/08\/AFT_SICREDI_92631_AN_AGRO_INSTITUCIONAL_261X83-300x95.png 300w, https:\/\/radiostudiow.com.br\/site\/wp-content\/uploads\/2026\/08\/AFT_SICREDI_92631_AN_AGRO_INSTITUCIONAL_261X83-768x244.png 768w, https:\/\/radiostudiow.com.br\/site\/wp-content\/uploads\/2026\/08\/AFT_SICREDI_92631_AN_AGRO_INSTITUCIONAL_261X83-1536x488.png 1536w, https:\/\/radiostudiow.com.br\/site\/wp-content\/uploads\/2026\/08\/AFT_SICREDI_92631_AN_AGRO_INSTITUCIONAL_261X83-2048x651.png 2048w\" sizes=\"auto, (max-width: 1024px) 100vw, 1024px\" \/><\/figure>\n\n\n\n<p class=\"wp-block-paragraph\">Um homem foi preso por embriaguez ao volante ap\u00f3s colidir um ve\u00edculo contra o port\u00e3o de uma resid\u00eancia na \u00e1rea central de Rio Azul. A ocorr\u00eancia foi atendida pela Pol\u00edcia Militar na Rua Jo\u00e3o Jasinski nessa segunda-feira (31).<\/p>\n\n\n\n<p class=\"wp-block-paragraph\">Segundo a PM, a equipe foi acionada ap\u00f3s receber informa\u00e7\u00f5es de que um ve\u00edculo havia atingido o port\u00e3o de uma casa. No local, os policiais encontraram um <strong>GM\/Corsa<\/strong> com danos decorrentes da colis\u00e3o e o condutor ainda estava no interior do autom\u00f3vel.<\/p>\n\n\n\n<p class=\"wp-block-paragraph\">Durante a abordagem, os policiais constataram que o motorista apresentava sinais vis\u00edveis de embriaguez. Ele n\u00e3o apresentava ferimentos aparentes e foi submetido ao teste do etil\u00f4metro, que apontou <strong>1,23 mg\/L de \u00e1lcool<\/strong>.<\/p>\n\n\n\n<figure class=\"wp-block-gallery has-nested-images columns-default is-cropped wp-block-gallery-1 is-layout-flex wp-block-gallery-is-layout-flex\">\n<figure class=\"wp-block-image size-large\"><img loading=\"lazy\" decoding=\"async\" width=\"300\" height=\"180\" data-id=\"47110\" src=\"https:\/\/radiostudiow.com.br\/site\/wp-content\/uploads\/2026\/01\/EXTREME.png\" alt=\"\" class=\"wp-image-47110\"\/><\/figure>\n\n\n\n<figure class=\"wp-block-image size-large\"><img loading=\"lazy\" decoding=\"async\" width=\"300\" height=\"180\" data-id=\"48867\" src=\"https:\/\/radiostudiow.com.br\/site\/wp-content\/uploads\/2026\/03\/SUPREMA-BARBA.png\" alt=\"\" class=\"wp-image-48867\"\/><\/figure>\n<\/figure>\n\n\n\n<p class=\"wp-block-paragraph\">Diante do resultado, o homem recebeu voz de pris\u00e3o em flagrante pelo crime de conduzir ve\u00edculo automotor com a capacidade psicomotora alterada em raz\u00e3o da ingest\u00e3o de \u00e1lcool.<\/p>\n\n\n\n<p class=\"wp-block-paragraph\">O motorista foi encaminhado inicialmente \u00e0 Unidade de Pronto Atendimento (UPA) para realiza\u00e7\u00e3o de exame de les\u00f5es corporais e, posteriormente, conduzido \u00e0 Delegacia de Pol\u00edcia Civil, onde foram adotadas as provid\u00eancias cab\u00edveis e realizada a lavratura do flagrante.<\/p>\n\n\n\n<p class=\"wp-block-paragraph\">A colis\u00e3o provocou danos ao port\u00e3o da resid\u00eancia.<\/p>\n","protected":false},"excerpt":{"rendered":"<p>Um homem foi preso por embriaguez ao volante ap\u00f3s colidir um ve\u00edculo contra o port\u00e3o de uma resid\u00eancia na \u00e1rea central de Rio Azul. A ocorr\u00eancia foi atendida pela Pol\u00edcia Militar na Rua Jo\u00e3o Jasinski nessa segunda-feira (31). Segundo a PM, a equipe foi acionada ap\u00f3s receber informa\u00e7\u00f5es de que um ve\u00edculo havia atingido o [&hellip;]<\/p>\n","protected":false},"author":2,"featured_media":35301,"comment_status":"open","ping_status":"open","sticky":false,"template":"","format":"standard","meta":{"footnotes":""},"categories":[2],"tags":[172],"class_list":["post-52994","post","type-post","status-publish","format-standard","has-post-thumbnail","hentry","category-policial","tag-featured"],"amp_enabled":true,"_links":{"self":[{"href":"https:\/\/radiostudiow.com.br\/site\/wp-json\/wp\/v2\/posts\/52994","targetHints":{"allow":["GET"]}}],"collection":[{"href":"https:\/\/radiostudiow.com.br\/site\/wp-json\/wp\/v2\/posts"}],"about":[{"href":"https:\/\/radiostudiow.com.br\/site\/wp-json\/wp\/v2\/types\/post"}],"author":[{"embeddable":true,"href":"https:\/\/radiostudiow.com.br\/site\/wp-json\/wp\/v2\/users\/2"}],"replies":[{"embeddable":true,"href":"https:\/\/radiostudiow.com.br\/site\/wp-json\/wp\/v2\/comments?post=52994"}],"version-history":[{"count":5,"href":"https:\/\/radiostudiow.com.br\/site\/wp-json\/wp\/v2\/posts\/52994\/revisions"}],"predecessor-version":[{"id":53026,"href":"https:\/\/radiostudiow.com.br\/site\/wp-json\/wp\/v2\/posts\/52994\/revisions\/53026"}],"wp:featuredmedia":[{"embeddable":true,"href":"https:\/\/radiostudiow.com.br\/site\/wp-json\/wp\/v2\/media\/35301"}],"wp:attachment":[{"href":"https:\/\/radiostudiow.com.br\/site\/wp-json\/wp\/v2\/media?parent=52994"}],"wp:term":[{"taxonomy":"category","embeddable":true,"href":"https:\/\/radiostudiow.com.br\/site\/wp-json\/wp\/v2\/categories?post=52994"},{"taxonomy":"post_tag","embeddable":true,"href":"https:\/\/radiostudiow.com.br\/site\/wp-json\/wp\/v2\/tags?post=52994"}],"curies":[{"name":"wp","href":"https:\/\/api.w.org\/{rel}","templated":true}]}}