{"id":53021,"date":"2026-09-02T15:14:01","date_gmt":"2026-09-02T18:14:01","guid":{"rendered":"https:\/\/radiostudiow.com.br\/site\/?p=53021"},"modified":"2026-09-02T15:14:01","modified_gmt":"2026-09-02T18:14:01","slug":"sicredi-de-mallet-encerra-campanha-do-dia-c-com-expressiva-arrecadacao-de-alimentos-para-o-hospital-sao-pedro","status":"publish","type":"post","link":"https:\/\/radiostudiow.com.br\/site\/2026\/09\/02\/sicredi-de-mallet-encerra-campanha-do-dia-c-com-expressiva-arrecadacao-de-alimentos-para-o-hospital-sao-pedro\/","title":{"rendered":"Sicredi de Mallet encerra campanha do Dia C com expressiva arrecada\u00e7\u00e3o de alimentos para o Hospital S\u00e3o Pedro"},"content":{"rendered":"\n<figure class=\"wp-block-image size-large\"><img loading=\"lazy\" decoding=\"async\" width=\"1024\" height=\"326\" src=\"https:\/\/radiostudiow.com.br\/site\/wp-content\/uploads\/2026\/08\/AFT_SICREDI_92631_AN_AGRO_INSTITUCIONAL_261X83-1024x326.png\" alt=\"\" class=\"wp-image-52311\" srcset=\"https:\/\/radiostudiow.com.br\/site\/wp-content\/uploads\/2026\/08\/AFT_SICREDI_92631_AN_AGRO_INSTITUCIONAL_261X83-1024x326.png 1024w, https:\/\/radiostudiow.com.br\/site\/wp-content\/uploads\/2026\/08\/AFT_SICREDI_92631_AN_AGRO_INSTITUCIONAL_261X83-300x95.png 300w, https:\/\/radiostudiow.com.br\/site\/wp-content\/uploads\/2026\/08\/AFT_SICREDI_92631_AN_AGRO_INSTITUCIONAL_261X83-768x244.png 768w, https:\/\/radiostudiow.com.br\/site\/wp-content\/uploads\/2026\/08\/AFT_SICREDI_92631_AN_AGRO_INSTITUCIONAL_261X83-1536x488.png 1536w, https:\/\/radiostudiow.com.br\/site\/wp-content\/uploads\/2026\/08\/AFT_SICREDI_92631_AN_AGRO_INSTITUCIONAL_261X83-2048x651.png 2048w\" sizes=\"auto, (max-width: 1024px) 100vw, 1024px\" \/><\/figure>\n\n\n\n<p class=\"wp-block-paragraph\">A ag\u00eancia do Sicredi de Mallet concluiu com sucesso a campanha <strong>Dia C \u2013 Dia de Cooperar<\/strong>, realizada durante o m\u00eas de agosto em parceria com o Hospital de Caridade S\u00e3o Pedro. A iniciativa mobilizou associados, empresas parceiras e a comunidade em uma grande corrente de solidariedade, resultando na arrecada\u00e7\u00e3o de alimentos n\u00e3o perec\u00edveis destinados \u00e0 institui\u00e7\u00e3o hospitalar.<\/p>\n\n\n\n<p class=\"wp-block-paragraph\">Com o lema <strong>&#8220;Atitudes simples movem o mundo&#8221;<\/strong>, a campanha incentivou a popula\u00e7\u00e3o a contribuir com doa\u00e7\u00f5es, refor\u00e7ando o compromisso do cooperativismo com o desenvolvimento social e o bem-estar da comunidade.<\/p>\n\n\n\n<p class=\"wp-block-paragraph\">Segundo a gerente da ag\u00eancia Sicredi de Mallet, <strong>Dhieme Nievola<\/strong>, a uni\u00e3o de esfor\u00e7os foi fundamental para o sucesso da a\u00e7\u00e3o.<\/p>\n\n\n\n<blockquote class=\"wp-block-quote is-layout-flow wp-block-quote-is-layout-flow\">\n<p class=\"wp-block-paragraph\">&#8220;Juntos, podemos fortalecer nossa comunidade e transformar vidas por meio de pequenos gestos&#8221;, destacou.<\/p>\n<\/blockquote>\n\n\n\n<p class=\"wp-block-paragraph\">Dhieme tamb\u00e9m agradeceu o envolvimento de todos que contribu\u00edram para a campanha.<\/p>\n\n\n\n<blockquote class=\"wp-block-quote is-layout-flow wp-block-quote-is-layout-flow\">\n<p class=\"wp-block-paragraph\">&#8220;Estou muito feliz e agrade\u00e7o aos Comit\u00eas da Mulher e Jovem do Sicredi. Essa parceria s\u00f3 foi poss\u00edvel gra\u00e7as \u00e0 contribui\u00e7\u00e3o dos associados do Sicredi de Mallet, dos supermercados parceiros, da GDP \u2013 Galera do Papel e da Associa\u00e7\u00e3o dos Caminhoneiros. Tenho certeza de que essas doa\u00e7\u00f5es far\u00e3o uma grande diferen\u00e7a para o Hospital S\u00e3o Pedro&#8221;, afirmou \u00e0 Studio W.<\/p>\n<\/blockquote>\n\n\n\n<figure class=\"wp-block-image size-large\"><img loading=\"lazy\" decoding=\"async\" width=\"1024\" height=\"576\" src=\"https:\/\/radiostudiow.com.br\/site\/wp-content\/uploads\/2026\/09\/WhatsApp-Image-2026-09-02-at-14.57.04-1024x576.jpeg\" alt=\"\" class=\"wp-image-53022\" srcset=\"https:\/\/radiostudiow.com.br\/site\/wp-content\/uploads\/2026\/09\/WhatsApp-Image-2026-09-02-at-14.57.04-1024x576.jpeg 1024w, https:\/\/radiostudiow.com.br\/site\/wp-content\/uploads\/2026\/09\/WhatsApp-Image-2026-09-02-at-14.57.04-300x169.jpeg 300w, https:\/\/radiostudiow.com.br\/site\/wp-content\/uploads\/2026\/09\/WhatsApp-Image-2026-09-02-at-14.57.04-768x432.jpeg 768w, https:\/\/radiostudiow.com.br\/site\/wp-content\/uploads\/2026\/09\/WhatsApp-Image-2026-09-02-at-14.57.04-1536x864.jpeg 1536w, https:\/\/radiostudiow.com.br\/site\/wp-content\/uploads\/2026\/09\/WhatsApp-Image-2026-09-02-at-14.57.04.jpeg 1600w\" sizes=\"auto, (max-width: 1024px) 100vw, 1024px\" \/><\/figure>\n\n\n\n<figure class=\"wp-block-image size-large\"><img loading=\"lazy\" decoding=\"async\" width=\"1024\" height=\"335\" src=\"https:\/\/radiostudiow.com.br\/site\/wp-content\/uploads\/2025\/12\/novo-Rodape-1024x335.png\" alt=\"\" class=\"wp-image-45379\" srcset=\"https:\/\/radiostudiow.com.br\/site\/wp-content\/uploads\/2025\/12\/novo-Rodape-1024x335.png 1024w, https:\/\/radiostudiow.com.br\/site\/wp-content\/uploads\/2025\/12\/novo-Rodape-300x98.png 300w, https:\/\/radiostudiow.com.br\/site\/wp-content\/uploads\/2025\/12\/novo-Rodape-768x251.png 768w, https:\/\/radiostudiow.com.br\/site\/wp-content\/uploads\/2025\/12\/novo-Rodape-1536x503.png 1536w, https:\/\/radiostudiow.com.br\/site\/wp-content\/uploads\/2025\/12\/novo-Rodape-2048x670.png 2048w\" sizes=\"auto, (max-width: 1024px) 100vw, 1024px\" \/><\/figure>\n\n\n\n<p class=\"wp-block-paragraph\">O presidente do Hospital de Caridade S\u00e3o Pedro, <strong>Elson Krinski<\/strong>, recebeu as doa\u00e7\u00f5es e destacou a import\u00e2ncia da iniciativa para a manuten\u00e7\u00e3o dos servi\u00e7os prestados pela entidade.<\/p>\n\n\n\n<blockquote class=\"wp-block-quote is-layout-flow wp-block-quote-is-layout-flow\">\n<p class=\"wp-block-paragraph\">&#8220;Fico sem palavras diante da generosidade dos associados e de toda a popula\u00e7\u00e3o que abra\u00e7ou essa campanha. Em nome da diretoria do Hospital S\u00e3o Pedro, agrade\u00e7o imensamente cada doa\u00e7\u00e3o recebida. Esperamos que essa iniciativa desperte o interesse de outras empresas, seguindo o exemplo do Sicredi. Nosso hospital \u00e9 uma institui\u00e7\u00e3o filantr\u00f3pica e depende muito do apoio da comunidade para continuar oferecendo atendimento \u00e0 popula\u00e7\u00e3o&#8221;, ressaltou.<\/p>\n<\/blockquote>\n\n\n\n<p class=\"has-medium-font-size wp-block-paragraph\">As arrecada\u00e7\u00f5es foram realizadas at\u00e9 o dia <strong>31 de agosto de 2026<\/strong> em diversos pontos de coleta espalhados pelo munic\u00edpio, entre eles: Comercial Hlusko, Mercado Martins, Mercado Stasiak (Rio Claro do Sul), Supermercado Eldorado, Supermercado Ideal, Supermercado Princival, Supermercados Bahniuk (Vila, Centro e Nicolau), al\u00e9m da ag\u00eancia do Sicredi de Mallet.<\/p>\n\n\n\n<p class=\"wp-block-paragraph\"><strong>A campanha refor\u00e7ou o esp\u00edrito cooperativista e demonstrou que a uni\u00e3o entre institui\u00e7\u00f5es, empresas e comunidade pode gerar resultados concretos para fortalecer entidades que desempenham um papel essencial na sa\u00fade e no atendimento da popula\u00e7\u00e3o malletense.<\/strong><\/p>\n\n\n\n<h2 class=\"wp-block-heading\">ASSISTA COMO FOI A ENTREGA DOS PRODUTOS ARRECADADOS PARA O HOSPITAL S\u00c3O PEDRO<\/h2>\n\n\n\n<figure class=\"wp-block-embed is-type-video is-provider-youtube wp-block-embed-youtube wp-embed-aspect-16-9 wp-has-aspect-ratio\"><div class=\"wp-block-embed__wrapper\">\n<iframe loading=\"lazy\" title=\"Dia de Cooperar: Sicredi de Mallet arrecada alimentos para o Hospital de Caridade S\u00e3o Pedro\" width=\"740\" height=\"416\" src=\"https:\/\/www.youtube.com\/embed\/BqOMpO6QpAY?feature=oembed\" frameborder=\"0\" allow=\"accelerometer; autoplay; clipboard-write; encrypted-media; gyroscope; picture-in-picture; web-share\" referrerpolicy=\"strict-origin-when-cross-origin\" allowfullscreen><\/iframe>\n<\/div><\/figure>\n\n\n\n<p class=\"wp-block-paragraph\"><\/p>\n\n\n\n<h2 class=\"wp-block-heading has-medium-font-size\">REPORTAGEM: W NOT\u00cdCIAS DA STUDIO W<\/h2>\n\n\n\n<p class=\"wp-block-paragraph\"><\/p>\n","protected":false},"excerpt":{"rendered":"<p>A ag\u00eancia do Sicredi de Mallet concluiu com sucesso a campanha Dia C \u2013 Dia de Cooperar, realizada durante o m\u00eas de agosto em parceria com o Hospital de Caridade S\u00e3o Pedro. A iniciativa mobilizou associados, empresas parceiras e a comunidade em uma grande corrente de solidariedade, resultando na arrecada\u00e7\u00e3o de alimentos n\u00e3o perec\u00edveis destinados [&hellip;]<\/p>\n","protected":false},"author":2,"featured_media":53023,"comment_status":"open","ping_status":"open","sticky":false,"template":"","format":"standard","meta":{"footnotes":""},"categories":[184],"tags":[172],"class_list":["post-53021","post","type-post","status-publish","format-standard","has-post-thumbnail","hentry","category-local","tag-featured"],"amp_enabled":true,"_links":{"self":[{"href":"https:\/\/radiostudiow.com.br\/site\/wp-json\/wp\/v2\/posts\/53021","targetHints":{"allow":["GET"]}}],"collection":[{"href":"https:\/\/radiostudiow.com.br\/site\/wp-json\/wp\/v2\/posts"}],"about":[{"href":"https:\/\/radiostudiow.com.br\/site\/wp-json\/wp\/v2\/types\/post"}],"author":[{"embeddable":true,"href":"https:\/\/radiostudiow.com.br\/site\/wp-json\/wp\/v2\/users\/2"}],"replies":[{"embeddable":true,"href":"https:\/\/radiostudiow.com.br\/site\/wp-json\/wp\/v2\/comments?post=53021"}],"version-history":[{"count":1,"href":"https:\/\/radiostudiow.com.br\/site\/wp-json\/wp\/v2\/posts\/53021\/revisions"}],"predecessor-version":[{"id":53024,"href":"https:\/\/radiostudiow.com.br\/site\/wp-json\/wp\/v2\/posts\/53021\/revisions\/53024"}],"wp:featuredmedia":[{"embeddable":true,"href":"https:\/\/radiostudiow.com.br\/site\/wp-json\/wp\/v2\/media\/53023"}],"wp:attachment":[{"href":"https:\/\/radiostudiow.com.br\/site\/wp-json\/wp\/v2\/media?parent=53021"}],"wp:term":[{"taxonomy":"category","embeddable":true,"href":"https:\/\/radiostudiow.com.br\/site\/wp-json\/wp\/v2\/categories?post=53021"},{"taxonomy":"post_tag","embeddable":true,"href":"https:\/\/radiostudiow.com.br\/site\/wp-json\/wp\/v2\/tags?post=53021"}],"curies":[{"name":"wp","href":"https:\/\/api.w.org\/{rel}","templated":true}]}}