{"id":53038,"date":"2026-09-02T19:06:45","date_gmt":"2026-09-02T22:06:45","guid":{"rendered":"https:\/\/radiostudiow.com.br\/site\/?p=53038"},"modified":"2026-09-02T19:06:46","modified_gmt":"2026-09-02T22:06:46","slug":"brigadistas-comunitarios-de-mallet-atendem-tres-ocorrencias-nesta-terca-feira","status":"publish","type":"post","link":"https:\/\/radiostudiow.com.br\/site\/2026\/09\/02\/brigadistas-comunitarios-de-mallet-atendem-tres-ocorrencias-nesta-terca-feira\/","title":{"rendered":"Brigadistas Comunit\u00e1rios de Mallet atendem tr\u00eas ocorr\u00eancias nesta ter\u00e7a-feira"},"content":{"rendered":"\n<figure class=\"wp-block-image size-full\"><img loading=\"lazy\" decoding=\"async\" width=\"598\" height=\"204\" src=\"https:\/\/radiostudiow.com.br\/site\/wp-content\/uploads\/2025\/05\/POLAK.png\" alt=\"\" class=\"wp-image-37847\" srcset=\"https:\/\/radiostudiow.com.br\/site\/wp-content\/uploads\/2025\/05\/POLAK.png 598w, https:\/\/radiostudiow.com.br\/site\/wp-content\/uploads\/2025\/05\/POLAK-300x102.png 300w\" sizes=\"auto, (max-width: 598px) 100vw, 598px\" \/><\/figure>\n\n\n\n<p class=\"wp-block-paragraph\" style=\"font-size:29px\"><strong>Atendimentos inclu\u00edram caso cl\u00ednico, servi\u00e7o n\u00e3o emergencial e queda de bicicleta com encaminhamento ao hospital<\/strong><\/p>\n\n\n\n<p class=\"has-medium-font-size wp-block-paragraph\">A equipe de <strong>Brigadistas Comunit\u00e1rios de Mallet<\/strong> atendeu tr\u00eas ocorr\u00eancias ao longo desta ter\u00e7a-feira, <strong>1\u00ba de setembro<\/strong>, em diferentes pontos do munic\u00edpio.<\/p>\n\n\n\n<p class=\"wp-block-paragraph\">Por volta das <strong>10h30<\/strong>, os brigadistas foram acionados para atender um <strong>caso cl\u00ednico na Rua XV de Novembro<\/strong>. No local, a ocorr\u00eancia n\u00e3o apresentou altera\u00e7\u00f5es, sendo constatado que a v\u00edtima j\u00e1 havia sido transportada por terceiros antes da chegada da equipe.<\/p>\n\n\n\n<p class=\"wp-block-paragraph\">Mais tarde, \u00e0s <strong>18h40<\/strong>, os brigadistas atenderam a um <strong>servi\u00e7o n\u00e3o emergencial de risco no bairro Bela Vista<\/strong>. A ocorr\u00eancia tamb\u00e9m foi registrada pela equipe durante o per\u00edodo da noite.<\/p>\n\n\n\n<p class=\"wp-block-paragraph\">J\u00e1 \u00e0s <strong>19h39<\/strong>, os profissionais foram acionados para atender uma <strong>queda de bicicleta na Col\u00f4nia Vera Cruz<\/strong>. A v\u00edtima, um homem de <strong>50 anos<\/strong>, recebeu atendimento no local e, posteriormente, foi encaminhada ao <strong>Hospital de Caridade S\u00e3o Pedro<\/strong>, em Mallet.<\/p>\n\n\n\n<p class=\"wp-block-paragraph\">O atendimento \u00e0 v\u00edtima contou ainda com o apoio de uma <strong>ambul\u00e2ncia da Secretaria Municipal de Sa\u00fade<\/strong>.<\/p>\n\n\n\n<figure class=\"wp-block-image size-full\"><img loading=\"lazy\" decoding=\"async\" width=\"598\" height=\"204\" src=\"https:\/\/radiostudiow.com.br\/site\/wp-content\/uploads\/2024\/10\/labirati.png\" alt=\"\" class=\"wp-image-28854\" srcset=\"https:\/\/radiostudiow.com.br\/site\/wp-content\/uploads\/2024\/10\/labirati.png 598w, https:\/\/radiostudiow.com.br\/site\/wp-content\/uploads\/2024\/10\/labirati-300x102.png 300w\" sizes=\"auto, (max-width: 598px) 100vw, 598px\" \/><\/figure>\n\n\n\n<p class=\"has-medium-font-size wp-block-paragraph\"><strong>As ocorr\u00eancias fazem parte dos atendimentos realizados diariamente pelos Brigadistas Comunit\u00e1rios, que prestam apoio \u00e0 popula\u00e7\u00e3o em situa\u00e7\u00f5es de emerg\u00eancia e demais servi\u00e7os no munic\u00edpio.<\/strong><\/p>\n\n\n\n<h2 class=\"wp-block-heading has-medium-font-size\">Informa\u00e7\u00f5es: Studio W<\/h2>\n\n\n\n<p class=\"wp-block-paragraph\"><\/p>\n","protected":false},"excerpt":{"rendered":"<p>Atendimentos inclu\u00edram caso cl\u00ednico, servi\u00e7o n\u00e3o emergencial e queda de bicicleta com encaminhamento ao hospital A equipe de Brigadistas Comunit\u00e1rios de Mallet atendeu tr\u00eas ocorr\u00eancias ao longo desta ter\u00e7a-feira, 1\u00ba de setembro, em diferentes pontos do munic\u00edpio. Por volta das 10h30, os brigadistas foram acionados para atender um caso cl\u00ednico na Rua XV de Novembro. [&hellip;]<\/p>\n","protected":false},"author":2,"featured_media":53039,"comment_status":"open","ping_status":"open","sticky":false,"template":"","format":"standard","meta":{"footnotes":""},"categories":[184],"tags":[172],"class_list":["post-53038","post","type-post","status-publish","format-standard","has-post-thumbnail","hentry","category-local","tag-featured"],"amp_enabled":true,"_links":{"self":[{"href":"https:\/\/radiostudiow.com.br\/site\/wp-json\/wp\/v2\/posts\/53038","targetHints":{"allow":["GET"]}}],"collection":[{"href":"https:\/\/radiostudiow.com.br\/site\/wp-json\/wp\/v2\/posts"}],"about":[{"href":"https:\/\/radiostudiow.com.br\/site\/wp-json\/wp\/v2\/types\/post"}],"author":[{"embeddable":true,"href":"https:\/\/radiostudiow.com.br\/site\/wp-json\/wp\/v2\/users\/2"}],"replies":[{"embeddable":true,"href":"https:\/\/radiostudiow.com.br\/site\/wp-json\/wp\/v2\/comments?post=53038"}],"version-history":[{"count":1,"href":"https:\/\/radiostudiow.com.br\/site\/wp-json\/wp\/v2\/posts\/53038\/revisions"}],"predecessor-version":[{"id":53041,"href":"https:\/\/radiostudiow.com.br\/site\/wp-json\/wp\/v2\/posts\/53038\/revisions\/53041"}],"wp:featuredmedia":[{"embeddable":true,"href":"https:\/\/radiostudiow.com.br\/site\/wp-json\/wp\/v2\/media\/53039"}],"wp:attachment":[{"href":"https:\/\/radiostudiow.com.br\/site\/wp-json\/wp\/v2\/media?parent=53038"}],"wp:term":[{"taxonomy":"category","embeddable":true,"href":"https:\/\/radiostudiow.com.br\/site\/wp-json\/wp\/v2\/categories?post=53038"},{"taxonomy":"post_tag","embeddable":true,"href":"https:\/\/radiostudiow.com.br\/site\/wp-json\/wp\/v2\/tags?post=53038"}],"curies":[{"name":"wp","href":"https:\/\/api.w.org\/{rel}","templated":true}]}}