{"id":5304,"date":"2022-01-14T09:34:28","date_gmt":"2022-01-14T12:34:28","guid":{"rendered":"https:\/\/radiostudiow.com.br\/site\/?p=5304"},"modified":"2025-01-31T15:12:11","modified_gmt":"2025-01-31T18:12:11","slug":"acao-conjunta-da-pm-de-uniao-da-vitoria-e-porto-uniao-intercepta-contrabando-de-radios-comunicadores","status":"publish","type":"post","link":"https:\/\/radiostudiow.com.br\/site\/2022\/01\/14\/acao-conjunta-da-pm-de-uniao-da-vitoria-e-porto-uniao-intercepta-contrabando-de-radios-comunicadores\/","title":{"rendered":"A\u00e7\u00e3o conjunta da PM de Uni\u00e3o da Vit\u00f3ria e Porto Uni\u00e3o intercepta contrabando de r\u00e1dios comunicadores"},"content":{"rendered":"\n<p>Uma a\u00e7\u00e3o que mobilizou a Pol\u00edcia Militar de Uni\u00e3o da Vit\u00f3ria e Porto Uni\u00e3o resultou na intercepta\u00e7\u00e3o de um contrabando. A situa\u00e7\u00e3o ocorreu no fim de tarde desta quinta-feira (13).<\/p>\n\n\n\n<p>De acordo com informa\u00e7\u00f5es, a Pol\u00edcia de Uni\u00e3o da Vit\u00f3ria recebeu a informa\u00e7\u00e3o sobre o contrabando e solicitou apoio da Pol\u00edcia de Porto Uni\u00e3o, sendo interceptado ao menos dois ve\u00edculos.<\/p>\n\n\n\n<p>Na situa\u00e7\u00e3o, as Pol\u00edcias encontraram r\u00e1dios comunicadores e PX de caminh\u00f5es. O material foi apreendido e encaminhado para a Pol\u00edcia Federal de Lages. Duas pessoas foram detidas.<\/p>\n\n\n\n<figure class=\"wp-block-image size-large\"><img decoding=\"async\" src=\"https:\/\/radiostudiow.com.br\/site\/wp-content\/uploads\/2022\/01\/capa-site-1024x329.png\" alt=\"\" class=\"wp-image-5253\"\/><\/figure>\n","protected":false},"excerpt":{"rendered":"<p>Uma a\u00e7\u00e3o que mobilizou a Pol\u00edcia Militar de Uni\u00e3o da Vit\u00f3ria e Porto Uni\u00e3o resultou na intercepta\u00e7\u00e3o de um contrabando. A situa\u00e7\u00e3o ocorreu no fim de tarde desta quinta-feira (13). De acordo com informa\u00e7\u00f5es, a Pol\u00edcia de Uni\u00e3o da Vit\u00f3ria recebeu a informa\u00e7\u00e3o sobre o contrabando e solicitou apoio da Pol\u00edcia de Porto Uni\u00e3o, sendo [&hellip;]<\/p>\n","protected":false},"author":2,"featured_media":5305,"comment_status":"open","ping_status":"open","sticky":false,"template":"","format":"standard","meta":{"footnotes":""},"categories":[2],"tags":[172],"class_list":["post-5304","post","type-post","status-publish","format-standard","has-post-thumbnail","hentry","category-policial","tag-featured"],"amp_enabled":true,"_links":{"self":[{"href":"https:\/\/radiostudiow.com.br\/site\/wp-json\/wp\/v2\/posts\/5304","targetHints":{"allow":["GET"]}}],"collection":[{"href":"https:\/\/radiostudiow.com.br\/site\/wp-json\/wp\/v2\/posts"}],"about":[{"href":"https:\/\/radiostudiow.com.br\/site\/wp-json\/wp\/v2\/types\/post"}],"author":[{"embeddable":true,"href":"https:\/\/radiostudiow.com.br\/site\/wp-json\/wp\/v2\/users\/2"}],"replies":[{"embeddable":true,"href":"https:\/\/radiostudiow.com.br\/site\/wp-json\/wp\/v2\/comments?post=5304"}],"version-history":[{"count":2,"href":"https:\/\/radiostudiow.com.br\/site\/wp-json\/wp\/v2\/posts\/5304\/revisions"}],"predecessor-version":[{"id":5308,"href":"https:\/\/radiostudiow.com.br\/site\/wp-json\/wp\/v2\/posts\/5304\/revisions\/5308"}],"wp:featuredmedia":[{"embeddable":true,"href":"https:\/\/radiostudiow.com.br\/site\/wp-json\/wp\/v2\/media\/5305"}],"wp:attachment":[{"href":"https:\/\/radiostudiow.com.br\/site\/wp-json\/wp\/v2\/media?parent=5304"}],"wp:term":[{"taxonomy":"category","embeddable":true,"href":"https:\/\/radiostudiow.com.br\/site\/wp-json\/wp\/v2\/categories?post=5304"},{"taxonomy":"post_tag","embeddable":true,"href":"https:\/\/radiostudiow.com.br\/site\/wp-json\/wp\/v2\/tags?post=5304"}],"curies":[{"name":"wp","href":"https:\/\/api.w.org\/{rel}","templated":true}]}}