{"id":53053,"date":"2026-09-03T09:32:07","date_gmt":"2026-09-03T12:32:07","guid":{"rendered":"https:\/\/radiostudiow.com.br\/site\/?p=53053"},"modified":"2026-09-03T09:32:08","modified_gmt":"2026-09-03T12:32:08","slug":"policia-militar-de-uniao-da-vitoria-prende-homem-por-ameaca-e-violencia-domestica","status":"publish","type":"post","link":"https:\/\/radiostudiow.com.br\/site\/2026\/09\/03\/policia-militar-de-uniao-da-vitoria-prende-homem-por-ameaca-e-violencia-domestica\/","title":{"rendered":"Pol\u00edcia Militar de Uni\u00e3o da Vit\u00f3ria prende homem por amea\u00e7a e viol\u00eancia dom\u00e9stica"},"content":{"rendered":"\n<figure class=\"wp-block-image size-full\"><img loading=\"lazy\" decoding=\"async\" width=\"2560\" height=\"814\" src=\"https:\/\/radiostudiow.com.br\/site\/wp-content\/uploads\/2026\/08\/AFT_SICREDI_92631_AN_AGRO_INSTITUCIONAL_261X83-scaled.png\" alt=\"\" class=\"wp-image-52311\" srcset=\"https:\/\/radiostudiow.com.br\/site\/wp-content\/uploads\/2026\/08\/AFT_SICREDI_92631_AN_AGRO_INSTITUCIONAL_261X83-scaled.png 2560w, https:\/\/radiostudiow.com.br\/site\/wp-content\/uploads\/2026\/08\/AFT_SICREDI_92631_AN_AGRO_INSTITUCIONAL_261X83-300x95.png 300w, https:\/\/radiostudiow.com.br\/site\/wp-content\/uploads\/2026\/08\/AFT_SICREDI_92631_AN_AGRO_INSTITUCIONAL_261X83-1024x326.png 1024w, https:\/\/radiostudiow.com.br\/site\/wp-content\/uploads\/2026\/08\/AFT_SICREDI_92631_AN_AGRO_INSTITUCIONAL_261X83-768x244.png 768w, https:\/\/radiostudiow.com.br\/site\/wp-content\/uploads\/2026\/08\/AFT_SICREDI_92631_AN_AGRO_INSTITUCIONAL_261X83-1536x488.png 1536w, https:\/\/radiostudiow.com.br\/site\/wp-content\/uploads\/2026\/08\/AFT_SICREDI_92631_AN_AGRO_INSTITUCIONAL_261X83-2048x651.png 2048w\" sizes=\"auto, (max-width: 2560px) 100vw, 2560px\" \/><\/figure>\n\n\n\n<p class=\"wp-block-paragraph\">A equipe da Pol\u00edcia Militar de Uni\u00e3o da Vit\u00f3ria foi acionada para verificar situa\u00e7\u00e3o de descumprimento de Medida Protetiva no bairro Nossa Senhora da Salete por volta das 21h40min dessa quarta-feira (02).<\/p>\n\n\n\n<p class=\"wp-block-paragraph\">No local, localizado o autor em frente a resid\u00eancia da v\u00edtima, em vis\u00edvel estado de embriaguez. Conversado com a mesma, relatou que o masculino veio ao local e passou a proferir amea\u00e7as e ofensas contra ela e seu filho, e que j\u00e1 teria feito pedido de medida protetiva.<\/p>\n\n\n\n<p class=\"wp-block-paragraph\">Diante dos fatos, e no interesse da representa\u00e7\u00e3o criminal em face do autor, as partes foram encaminhadas \u00e0 4aSDP para aprecia\u00e7\u00e3o do fato pela autoridade policial.<\/p>\n\n\n\n<figure class=\"wp-block-image size-full\"><img loading=\"lazy\" decoding=\"async\" width=\"598\" height=\"204\" src=\"https:\/\/radiostudiow.com.br\/site\/wp-content\/uploads\/2025\/05\/POLAK.png\" alt=\"\" class=\"wp-image-37847\" srcset=\"https:\/\/radiostudiow.com.br\/site\/wp-content\/uploads\/2025\/05\/POLAK.png 598w, https:\/\/radiostudiow.com.br\/site\/wp-content\/uploads\/2025\/05\/POLAK-300x102.png 300w\" sizes=\"auto, (max-width: 598px) 100vw, 598px\" \/><\/figure>\n","protected":false},"excerpt":{"rendered":"<p>A equipe da Pol\u00edcia Militar de Uni\u00e3o da Vit\u00f3ria foi acionada para verificar situa\u00e7\u00e3o de descumprimento de Medida Protetiva no bairro Nossa Senhora da Salete por volta das 21h40min dessa quarta-feira (02). No local, localizado o autor em frente a resid\u00eancia da v\u00edtima, em vis\u00edvel estado de embriaguez. Conversado com a mesma, relatou que o [&hellip;]<\/p>\n","protected":false},"author":2,"featured_media":38633,"comment_status":"open","ping_status":"open","sticky":false,"template":"","format":"standard","meta":{"footnotes":""},"categories":[2],"tags":[172],"class_list":["post-53053","post","type-post","status-publish","format-standard","has-post-thumbnail","hentry","category-policial","tag-featured"],"amp_enabled":true,"_links":{"self":[{"href":"https:\/\/radiostudiow.com.br\/site\/wp-json\/wp\/v2\/posts\/53053","targetHints":{"allow":["GET"]}}],"collection":[{"href":"https:\/\/radiostudiow.com.br\/site\/wp-json\/wp\/v2\/posts"}],"about":[{"href":"https:\/\/radiostudiow.com.br\/site\/wp-json\/wp\/v2\/types\/post"}],"author":[{"embeddable":true,"href":"https:\/\/radiostudiow.com.br\/site\/wp-json\/wp\/v2\/users\/2"}],"replies":[{"embeddable":true,"href":"https:\/\/radiostudiow.com.br\/site\/wp-json\/wp\/v2\/comments?post=53053"}],"version-history":[{"count":1,"href":"https:\/\/radiostudiow.com.br\/site\/wp-json\/wp\/v2\/posts\/53053\/revisions"}],"predecessor-version":[{"id":53054,"href":"https:\/\/radiostudiow.com.br\/site\/wp-json\/wp\/v2\/posts\/53053\/revisions\/53054"}],"wp:featuredmedia":[{"embeddable":true,"href":"https:\/\/radiostudiow.com.br\/site\/wp-json\/wp\/v2\/media\/38633"}],"wp:attachment":[{"href":"https:\/\/radiostudiow.com.br\/site\/wp-json\/wp\/v2\/media?parent=53053"}],"wp:term":[{"taxonomy":"category","embeddable":true,"href":"https:\/\/radiostudiow.com.br\/site\/wp-json\/wp\/v2\/categories?post=53053"},{"taxonomy":"post_tag","embeddable":true,"href":"https:\/\/radiostudiow.com.br\/site\/wp-json\/wp\/v2\/tags?post=53053"}],"curies":[{"name":"wp","href":"https:\/\/api.w.org\/{rel}","templated":true}]}}