{"id":53055,"date":"2026-09-03T09:39:46","date_gmt":"2026-09-03T12:39:46","guid":{"rendered":"https:\/\/radiostudiow.com.br\/site\/?p=53055"},"modified":"2026-09-03T09:39:47","modified_gmt":"2026-09-03T12:39:47","slug":"policia-militar-apreende-arma-de-fogo-em-general-carneiro-3","status":"publish","type":"post","link":"https:\/\/radiostudiow.com.br\/site\/2026\/09\/03\/policia-militar-apreende-arma-de-fogo-em-general-carneiro-3\/","title":{"rendered":"Pol\u00edcia Militar apreende arma de fogo em General Carneiro"},"content":{"rendered":"\n<figure class=\"wp-block-image size-full\"><img loading=\"lazy\" decoding=\"async\" width=\"731\" height=\"204\" src=\"https:\/\/radiostudiow.com.br\/site\/wp-content\/uploads\/2026\/06\/BARAO.png\" alt=\"\" class=\"wp-image-50709\" srcset=\"https:\/\/radiostudiow.com.br\/site\/wp-content\/uploads\/2026\/06\/BARAO.png 731w, https:\/\/radiostudiow.com.br\/site\/wp-content\/uploads\/2026\/06\/BARAO-300x84.png 300w\" sizes=\"auto, (max-width: 731px) 100vw, 731px\" \/><\/figure>\n\n\n\n<p class=\"wp-block-paragraph\">A equipe da Pol\u00edcia Militar de fogo em General Carneiro se deslocou at\u00e9 a localidade de Jangada do Sul com a finalidade de acompanhar e dar fiel cumprimento a um mandado de pris\u00e3o por volta das 16 horas dessa quarta-feira (02).<\/p>\n\n\n\n<p class=\"wp-block-paragraph\">No local, o indiv\u00edduo n\u00e3o foi localizado. No entanto, ao fiscalizar o interior da resid\u00eancia, os policiais visualizaram uma espingarda sobre o guarda-roupa. A espingarda tratava-se de um armamento de fabrica\u00e7\u00e3o artesanal, de antecarga (estilo &#8220;taquari&#8221;).<\/p>\n\n\n\n<p class=\"wp-block-paragraph\">Ao realizarem uma busca minuciosa no m\u00f3vel, localizaram, juntamente com a referida espingarda, um rev\u00f3lver calibre .38 sem numera\u00e7\u00e3o aparente, al\u00e9m de 22 (vinte e duas) muni\u00e7\u00f5es intactas de calibre .38.<\/p>\n\n\n\n<p class=\"wp-block-paragraph\">Diante dos fatos, a moradora foi questionada sobre a proced\u00eancia do armamento. Ela relatou que as armas pertenciam ao seu ex-convivente, alvo do mandado judicial, e informou que tamb\u00e9m se sentia amea\u00e7ada pela presen\u00e7a do armamento na resid\u00eancia.<\/p>\n\n\n\n<p class=\"wp-block-paragraph\">Os armamentos e as muni\u00e7\u00f5es foram apreendidos e encaminhados \u00e0 4\u00aa Subdivis\u00e3o Policial de Uni\u00e3o da Vit\u00f3ria para as provid\u00eancias cab\u00edveis.<\/p>\n\n\n\n<figure class=\"wp-block-image size-full\"><img loading=\"lazy\" decoding=\"async\" width=\"731\" height=\"204\" src=\"https:\/\/radiostudiow.com.br\/site\/wp-content\/uploads\/2026\/05\/SITE-GRANDE-2026.png\" alt=\"\" class=\"wp-image-49711\" srcset=\"https:\/\/radiostudiow.com.br\/site\/wp-content\/uploads\/2026\/05\/SITE-GRANDE-2026.png 731w, https:\/\/radiostudiow.com.br\/site\/wp-content\/uploads\/2026\/05\/SITE-GRANDE-2026-300x84.png 300w\" sizes=\"auto, (max-width: 731px) 100vw, 731px\" \/><\/figure>\n","protected":false},"excerpt":{"rendered":"<p>A equipe da Pol\u00edcia Militar de fogo em General Carneiro se deslocou at\u00e9 a localidade de Jangada do Sul com a finalidade de acompanhar e dar fiel cumprimento a um mandado de pris\u00e3o por volta das 16 horas dessa quarta-feira (02). No local, o indiv\u00edduo n\u00e3o foi localizado. No entanto, ao fiscalizar o interior da [&hellip;]<\/p>\n","protected":false},"author":2,"featured_media":53056,"comment_status":"open","ping_status":"open","sticky":false,"template":"","format":"standard","meta":{"footnotes":""},"categories":[2],"tags":[172],"class_list":["post-53055","post","type-post","status-publish","format-standard","has-post-thumbnail","hentry","category-policial","tag-featured"],"amp_enabled":true,"_links":{"self":[{"href":"https:\/\/radiostudiow.com.br\/site\/wp-json\/wp\/v2\/posts\/53055","targetHints":{"allow":["GET"]}}],"collection":[{"href":"https:\/\/radiostudiow.com.br\/site\/wp-json\/wp\/v2\/posts"}],"about":[{"href":"https:\/\/radiostudiow.com.br\/site\/wp-json\/wp\/v2\/types\/post"}],"author":[{"embeddable":true,"href":"https:\/\/radiostudiow.com.br\/site\/wp-json\/wp\/v2\/users\/2"}],"replies":[{"embeddable":true,"href":"https:\/\/radiostudiow.com.br\/site\/wp-json\/wp\/v2\/comments?post=53055"}],"version-history":[{"count":1,"href":"https:\/\/radiostudiow.com.br\/site\/wp-json\/wp\/v2\/posts\/53055\/revisions"}],"predecessor-version":[{"id":53057,"href":"https:\/\/radiostudiow.com.br\/site\/wp-json\/wp\/v2\/posts\/53055\/revisions\/53057"}],"wp:featuredmedia":[{"embeddable":true,"href":"https:\/\/radiostudiow.com.br\/site\/wp-json\/wp\/v2\/media\/53056"}],"wp:attachment":[{"href":"https:\/\/radiostudiow.com.br\/site\/wp-json\/wp\/v2\/media?parent=53055"}],"wp:term":[{"taxonomy":"category","embeddable":true,"href":"https:\/\/radiostudiow.com.br\/site\/wp-json\/wp\/v2\/categories?post=53055"},{"taxonomy":"post_tag","embeddable":true,"href":"https:\/\/radiostudiow.com.br\/site\/wp-json\/wp\/v2\/tags?post=53055"}],"curies":[{"name":"wp","href":"https:\/\/api.w.org\/{rel}","templated":true}]}}