{"id":53059,"date":"2026-09-03T18:17:37","date_gmt":"2026-09-03T21:17:37","guid":{"rendered":"https:\/\/radiostudiow.com.br\/site\/?p=53059"},"modified":"2026-09-03T18:34:35","modified_gmt":"2026-09-03T21:34:35","slug":"grave-acidente-na-br-277-em-irati-envolveu-7-veiculos-entre-eles-3-da-policia-penal","status":"publish","type":"post","link":"https:\/\/radiostudiow.com.br\/site\/2026\/09\/03\/grave-acidente-na-br-277-em-irati-envolveu-7-veiculos-entre-eles-3-da-policia-penal\/","title":{"rendered":"Grave acidente na BR-277 em Irati envolveu 7 ve\u00edculos, entre eles 3 da Pol\u00edcia Penal"},"content":{"rendered":"\n<figure class=\"wp-block-image size-full\"><img loading=\"lazy\" decoding=\"async\" width=\"731\" height=\"246\" src=\"https:\/\/radiostudiow.com.br\/site\/wp-content\/uploads\/2026\/08\/VITALY.png\" alt=\"\" class=\"wp-image-52200\" srcset=\"https:\/\/radiostudiow.com.br\/site\/wp-content\/uploads\/2026\/08\/VITALY.png 731w, https:\/\/radiostudiow.com.br\/site\/wp-content\/uploads\/2026\/08\/VITALY-300x101.png 300w\" sizes=\"auto, (max-width: 731px) 100vw, 731px\" \/><\/figure>\n\n\n\n<p class=\"has-text-align-center wp-block-paragraph\"><em>Fontes\/Foto: R\u00e1dio Naju\u00e1\/Portal RDX<\/em><\/p>\n\n\n\n<p class=\"wp-block-paragraph\">Um acidente envolvendo sete ve\u00edculos provoca interdi\u00e7\u00e3o total da BR-277, na manh\u00e3 desta quinta-feira, 03 de setembro, em Irati. A ocorr\u00eancia foi atendida pela Pol\u00edcia Rodovi\u00e1ria Federal (PRF).<\/p>\n\n\n\n<p class=\"wp-block-paragraph\">De acordo com informa\u00e7\u00f5es da Via Arauc\u00e1ria, concession\u00e1ria respons\u00e1vel pelo trecho, o sinistro foi registrado por volta das 8h59, no quil\u00f4metro 249 da BR-277, no sentido decrescente da rodovia.<\/p>\n\n\n\n<p class=\"wp-block-paragraph\">A coli\u00e3o envolveu cinco autom\u00f3veis, dos quais tr\u00eas eram da Pol\u00edcia Penal de Curitiba e os outros dois com placas de S\u00e3o Paulo e Irati. Um caminh\u00e3o Volkswagen Constellation com placas de Prudent\u00f3polis e uma carreta Scania do tipo ba\u00fa com placas do Paraguay.<\/p>\n\n\n\n<p class=\"wp-block-paragraph\">Segundo a PRF, um dos caminh\u00f5es teria reduzido a velocidade de forma brusca para realizar uma convers\u00e3o \u00e0 esquerda. A manobra teria provocado a colis\u00e3o com os ve\u00edculos que trafegavam logo atr\u00e1s, dando in\u00edcio ao engavetamento.<\/p>\n\n\n\n<p class=\"wp-block-paragraph\">Por causa da colis\u00e3o, a pista ficou totalmente interditada no local. At\u00e9 o momento, a informa\u00e7\u00e3o repassada pela concession\u00e1ria \u00e9 de que uma pessoa ficou ferida. O condutor de um do caminh\u00e3o com placas do Paraguay ficou ferido e foi encaminhado para atendimento m\u00e9dico no Hospital Santa Casa de Irati.<\/p>\n\n\n\n<p class=\"wp-block-paragraph\">Equipes de atendimento e seguran\u00e7a trabalham na ocorr\u00eancia e na organiza\u00e7\u00e3o do tr\u00e2nsito. As circunst\u00e2ncias do acidente dever\u00e3o ser apuradas pelas autoridades.<\/p>\n\n\n\n<figure class=\"wp-block-gallery has-nested-images columns-default is-cropped wp-block-gallery-1 is-layout-flex wp-block-gallery-is-layout-flex\">\n<figure class=\"wp-block-image size-large\"><img loading=\"lazy\" decoding=\"async\" width=\"1024\" height=\"614\" data-id=\"51903\" src=\"https:\/\/radiostudiow.com.br\/site\/wp-content\/uploads\/2026\/07\/QUERO-QUERO-MALLET-1024x614.png\" alt=\"\" class=\"wp-image-51903\" srcset=\"https:\/\/radiostudiow.com.br\/site\/wp-content\/uploads\/2026\/07\/QUERO-QUERO-MALLET-1024x614.png 1024w, https:\/\/radiostudiow.com.br\/site\/wp-content\/uploads\/2026\/07\/QUERO-QUERO-MALLET-300x180.png 300w, https:\/\/radiostudiow.com.br\/site\/wp-content\/uploads\/2026\/07\/QUERO-QUERO-MALLET-768x461.png 768w, https:\/\/radiostudiow.com.br\/site\/wp-content\/uploads\/2026\/07\/QUERO-QUERO-MALLET-1536x921.png 1536w, https:\/\/radiostudiow.com.br\/site\/wp-content\/uploads\/2026\/07\/QUERO-QUERO-MALLET-1000x600.png 1000w, https:\/\/radiostudiow.com.br\/site\/wp-content\/uploads\/2026\/07\/QUERO-QUERO-MALLET-590x354.png 590w, https:\/\/radiostudiow.com.br\/site\/wp-content\/uploads\/2026\/07\/QUERO-QUERO-MALLET-400x240.png 400w, https:\/\/radiostudiow.com.br\/site\/wp-content\/uploads\/2026\/07\/QUERO-QUERO-MALLET.png 1672w\" sizes=\"auto, (max-width: 1024px) 100vw, 1024px\" \/><\/figure>\n\n\n\n<figure class=\"wp-block-image size-large\"><img loading=\"lazy\" decoding=\"async\" width=\"1024\" height=\"614\" data-id=\"51902\" src=\"https:\/\/radiostudiow.com.br\/site\/wp-content\/uploads\/2026\/07\/HIPERFARMA-1024x614.png\" alt=\"\" class=\"wp-image-51902\" srcset=\"https:\/\/radiostudiow.com.br\/site\/wp-content\/uploads\/2026\/07\/HIPERFARMA-1024x614.png 1024w, https:\/\/radiostudiow.com.br\/site\/wp-content\/uploads\/2026\/07\/HIPERFARMA-300x180.png 300w, https:\/\/radiostudiow.com.br\/site\/wp-content\/uploads\/2026\/07\/HIPERFARMA-768x461.png 768w, https:\/\/radiostudiow.com.br\/site\/wp-content\/uploads\/2026\/07\/HIPERFARMA-1536x921.png 1536w, https:\/\/radiostudiow.com.br\/site\/wp-content\/uploads\/2026\/07\/HIPERFARMA-1000x600.png 1000w, https:\/\/radiostudiow.com.br\/site\/wp-content\/uploads\/2026\/07\/HIPERFARMA-590x354.png 590w, https:\/\/radiostudiow.com.br\/site\/wp-content\/uploads\/2026\/07\/HIPERFARMA-400x240.png 400w, https:\/\/radiostudiow.com.br\/site\/wp-content\/uploads\/2026\/07\/HIPERFARMA.png 1672w\" sizes=\"auto, (max-width: 1024px) 100vw, 1024px\" \/><\/figure>\n<\/figure>\n\n\n\n<figure class=\"wp-block-gallery has-nested-images columns-default is-cropped wp-block-gallery-2 is-layout-flex wp-block-gallery-is-layout-flex\">\n<figure class=\"wp-block-image size-large\"><img loading=\"lazy\" decoding=\"async\" width=\"768\" height=\"1024\" data-id=\"53073\" src=\"https:\/\/radiostudiow.com.br\/site\/wp-content\/uploads\/2026\/09\/WhatsApp-Image-2026-09-03-at-18.23.45-1-768x1024.jpeg\" alt=\"\" class=\"wp-image-53073\" srcset=\"https:\/\/radiostudiow.com.br\/site\/wp-content\/uploads\/2026\/09\/WhatsApp-Image-2026-09-03-at-18.23.45-1-768x1024.jpeg 768w, https:\/\/radiostudiow.com.br\/site\/wp-content\/uploads\/2026\/09\/WhatsApp-Image-2026-09-03-at-18.23.45-1-225x300.jpeg 225w, https:\/\/radiostudiow.com.br\/site\/wp-content\/uploads\/2026\/09\/WhatsApp-Image-2026-09-03-at-18.23.45-1.jpeg 960w\" sizes=\"auto, (max-width: 768px) 100vw, 768px\" \/><\/figure>\n\n\n\n<figure class=\"wp-block-image size-large\"><img loading=\"lazy\" decoding=\"async\" width=\"768\" height=\"1024\" data-id=\"53075\" src=\"https:\/\/radiostudiow.com.br\/site\/wp-content\/uploads\/2026\/09\/WhatsApp-Image-2026-09-03-at-18.23.46-768x1024.jpeg\" alt=\"\" class=\"wp-image-53075\" srcset=\"https:\/\/radiostudiow.com.br\/site\/wp-content\/uploads\/2026\/09\/WhatsApp-Image-2026-09-03-at-18.23.46-768x1024.jpeg 768w, https:\/\/radiostudiow.com.br\/site\/wp-content\/uploads\/2026\/09\/WhatsApp-Image-2026-09-03-at-18.23.46-225x300.jpeg 225w, https:\/\/radiostudiow.com.br\/site\/wp-content\/uploads\/2026\/09\/WhatsApp-Image-2026-09-03-at-18.23.46.jpeg 960w\" sizes=\"auto, (max-width: 768px) 100vw, 768px\" \/><\/figure>\n\n\n\n<figure class=\"wp-block-image size-large\"><img loading=\"lazy\" decoding=\"async\" width=\"1024\" height=\"768\" data-id=\"53076\" src=\"https:\/\/radiostudiow.com.br\/site\/wp-content\/uploads\/2026\/09\/WhatsApp-Image-2026-09-03-at-18.23.48-1024x768.jpeg\" alt=\"\" class=\"wp-image-53076\" srcset=\"https:\/\/radiostudiow.com.br\/site\/wp-content\/uploads\/2026\/09\/WhatsApp-Image-2026-09-03-at-18.23.48-1024x768.jpeg 1024w, https:\/\/radiostudiow.com.br\/site\/wp-content\/uploads\/2026\/09\/WhatsApp-Image-2026-09-03-at-18.23.48-300x225.jpeg 300w, https:\/\/radiostudiow.com.br\/site\/wp-content\/uploads\/2026\/09\/WhatsApp-Image-2026-09-03-at-18.23.48-768x576.jpeg 768w, https:\/\/radiostudiow.com.br\/site\/wp-content\/uploads\/2026\/09\/WhatsApp-Image-2026-09-03-at-18.23.48.jpeg 1280w\" sizes=\"auto, (max-width: 1024px) 100vw, 1024px\" \/><\/figure>\n\n\n\n<figure class=\"wp-block-image size-large\"><img loading=\"lazy\" decoding=\"async\" width=\"1024\" height=\"576\" data-id=\"53074\" src=\"https:\/\/radiostudiow.com.br\/site\/wp-content\/uploads\/2026\/09\/WhatsApp-Image-2026-09-03-at-18.26.17-1024x576.jpeg\" alt=\"\" class=\"wp-image-53074\" srcset=\"https:\/\/radiostudiow.com.br\/site\/wp-content\/uploads\/2026\/09\/WhatsApp-Image-2026-09-03-at-18.26.17-1024x576.jpeg 1024w, https:\/\/radiostudiow.com.br\/site\/wp-content\/uploads\/2026\/09\/WhatsApp-Image-2026-09-03-at-18.26.17-300x169.jpeg 300w, https:\/\/radiostudiow.com.br\/site\/wp-content\/uploads\/2026\/09\/WhatsApp-Image-2026-09-03-at-18.26.17-768x432.jpeg 768w, https:\/\/radiostudiow.com.br\/site\/wp-content\/uploads\/2026\/09\/WhatsApp-Image-2026-09-03-at-18.26.17-1536x864.jpeg 1536w, https:\/\/radiostudiow.com.br\/site\/wp-content\/uploads\/2026\/09\/WhatsApp-Image-2026-09-03-at-18.26.17.jpeg 1600w\" sizes=\"auto, (max-width: 1024px) 100vw, 1024px\" \/><\/figure>\n<\/figure>\n","protected":false},"excerpt":{"rendered":"<p>Fontes\/Foto: R\u00e1dio Naju\u00e1\/Portal RDX Um acidente envolvendo sete ve\u00edculos provoca interdi\u00e7\u00e3o total da BR-277, na manh\u00e3 desta quinta-feira, 03 de setembro, em Irati. A ocorr\u00eancia foi atendida pela Pol\u00edcia Rodovi\u00e1ria Federal (PRF). De acordo com informa\u00e7\u00f5es da Via Arauc\u00e1ria, concession\u00e1ria respons\u00e1vel pelo trecho, o sinistro foi registrado por volta das 8h59, no quil\u00f4metro 249 da [&hellip;]<\/p>\n","protected":false},"author":2,"featured_media":53064,"comment_status":"open","ping_status":"open","sticky":false,"template":"","format":"standard","meta":{"footnotes":""},"categories":[2],"tags":[172],"class_list":["post-53059","post","type-post","status-publish","format-standard","has-post-thumbnail","hentry","category-policial","tag-featured"],"amp_enabled":true,"_links":{"self":[{"href":"https:\/\/radiostudiow.com.br\/site\/wp-json\/wp\/v2\/posts\/53059","targetHints":{"allow":["GET"]}}],"collection":[{"href":"https:\/\/radiostudiow.com.br\/site\/wp-json\/wp\/v2\/posts"}],"about":[{"href":"https:\/\/radiostudiow.com.br\/site\/wp-json\/wp\/v2\/types\/post"}],"author":[{"embeddable":true,"href":"https:\/\/radiostudiow.com.br\/site\/wp-json\/wp\/v2\/users\/2"}],"replies":[{"embeddable":true,"href":"https:\/\/radiostudiow.com.br\/site\/wp-json\/wp\/v2\/comments?post=53059"}],"version-history":[{"count":6,"href":"https:\/\/radiostudiow.com.br\/site\/wp-json\/wp\/v2\/posts\/53059\/revisions"}],"predecessor-version":[{"id":53077,"href":"https:\/\/radiostudiow.com.br\/site\/wp-json\/wp\/v2\/posts\/53059\/revisions\/53077"}],"wp:featuredmedia":[{"embeddable":true,"href":"https:\/\/radiostudiow.com.br\/site\/wp-json\/wp\/v2\/media\/53064"}],"wp:attachment":[{"href":"https:\/\/radiostudiow.com.br\/site\/wp-json\/wp\/v2\/media?parent=53059"}],"wp:term":[{"taxonomy":"category","embeddable":true,"href":"https:\/\/radiostudiow.com.br\/site\/wp-json\/wp\/v2\/categories?post=53059"},{"taxonomy":"post_tag","embeddable":true,"href":"https:\/\/radiostudiow.com.br\/site\/wp-json\/wp\/v2\/tags?post=53059"}],"curies":[{"name":"wp","href":"https:\/\/api.w.org\/{rel}","templated":true}]}}