{"id":53085,"date":"2026-09-03T21:04:24","date_gmt":"2026-09-04T00:04:24","guid":{"rendered":"https:\/\/radiostudiow.com.br\/site\/?p=53085"},"modified":"2026-09-03T21:04:25","modified_gmt":"2026-09-04T00:04:25","slug":"acidente-deixa-mulher-ferida-na-br-476-em-uniao-da-vitoria","status":"publish","type":"post","link":"https:\/\/radiostudiow.com.br\/site\/2026\/09\/03\/acidente-deixa-mulher-ferida-na-br-476-em-uniao-da-vitoria\/","title":{"rendered":"Acidente deixa mulher ferida na BR-476 em Uni\u00e3o da Vit\u00f3ria"},"content":{"rendered":"\n<figure class=\"wp-block-image size-full\"><img loading=\"lazy\" decoding=\"async\" width=\"731\" height=\"204\" src=\"https:\/\/radiostudiow.com.br\/site\/wp-content\/uploads\/2026\/05\/SITE-GRANDE-2026.png\" alt=\"\" class=\"wp-image-49711\" srcset=\"https:\/\/radiostudiow.com.br\/site\/wp-content\/uploads\/2026\/05\/SITE-GRANDE-2026.png 731w, https:\/\/radiostudiow.com.br\/site\/wp-content\/uploads\/2026\/05\/SITE-GRANDE-2026-300x84.png 300w\" sizes=\"auto, (max-width: 731px) 100vw, 731px\" \/><\/figure>\n\n\n\n<p class=\"wp-block-paragraph\">Um acidente de tr\u00e2nsito do tipo colis\u00e3o traseira na BR-476, em Uni\u00e3o da Vit\u00f3ria foi registrado por volta das 15 horas desta quinta-feira (03).<\/p>\n\n\n\n<p class=\"wp-block-paragraph\">A colis\u00e3o aconteceu logo ap\u00f3s a Ponte Dom\u00edcio Scaramella, nas proximidades de uma lombada e antes do trevo de acesso ao Hospital Regional. Uma caminhonete Chevrolet S10, de cor branca, colidiu na traseira de um Toyota Yaris, de cor prata.<\/p>\n\n\n\n<p class=\"wp-block-paragraph\">O Corpo de Bombeiros Militar de Uni\u00e3o da Vit\u00f3ria foi acionado e prestou atendimento \u00e0 ocorr\u00eancia. A princ\u00edpio, uma mulher ficou ferida e foi encaminhada ao Hospital Regional, localizado pr\u00f3ximo ao ponto do acidente.<\/p>\n\n\n\n<p class=\"wp-block-paragraph\">O tr\u00e2nsito ficou em meia pista durante o atendimento. A Pol\u00edcia Militar esteve no local para prestar apoio e, na sequ\u00eancia, a Pol\u00edcia Militar Rodovi\u00e1ria Estadual compareceu para atender a ocorr\u00eancia.<\/p>\n\n\n\n<p class=\"wp-block-paragraph\">As circunst\u00e2ncias do acidente ainda n\u00e3o foram divulgadas.<\/p>\n\n\n\n<p class=\"has-text-align-center wp-block-paragraph\"><em>Fonte: Assis O Rep\u00f3rter<\/em><\/p>\n\n\n\n<figure class=\"wp-block-image size-full\"><img loading=\"lazy\" decoding=\"async\" width=\"598\" height=\"204\" src=\"https:\/\/radiostudiow.com.br\/site\/wp-content\/uploads\/2024\/10\/labirati.png\" alt=\"\" class=\"wp-image-28854\" srcset=\"https:\/\/radiostudiow.com.br\/site\/wp-content\/uploads\/2024\/10\/labirati.png 598w, https:\/\/radiostudiow.com.br\/site\/wp-content\/uploads\/2024\/10\/labirati-300x102.png 300w\" sizes=\"auto, (max-width: 598px) 100vw, 598px\" \/><\/figure>\n","protected":false},"excerpt":{"rendered":"<p>Um acidente de tr\u00e2nsito do tipo colis\u00e3o traseira na BR-476, em Uni\u00e3o da Vit\u00f3ria foi registrado por volta das 15 horas desta quinta-feira (03). A colis\u00e3o aconteceu logo ap\u00f3s a Ponte Dom\u00edcio Scaramella, nas proximidades de uma lombada e antes do trevo de acesso ao Hospital Regional. Uma caminhonete Chevrolet S10, de cor branca, colidiu [&hellip;]<\/p>\n","protected":false},"author":2,"featured_media":53086,"comment_status":"open","ping_status":"open","sticky":false,"template":"","format":"standard","meta":{"footnotes":""},"categories":[185],"tags":[172],"class_list":["post-53085","post","type-post","status-publish","format-standard","has-post-thumbnail","hentry","category-regional","tag-featured"],"amp_enabled":true,"_links":{"self":[{"href":"https:\/\/radiostudiow.com.br\/site\/wp-json\/wp\/v2\/posts\/53085","targetHints":{"allow":["GET"]}}],"collection":[{"href":"https:\/\/radiostudiow.com.br\/site\/wp-json\/wp\/v2\/posts"}],"about":[{"href":"https:\/\/radiostudiow.com.br\/site\/wp-json\/wp\/v2\/types\/post"}],"author":[{"embeddable":true,"href":"https:\/\/radiostudiow.com.br\/site\/wp-json\/wp\/v2\/users\/2"}],"replies":[{"embeddable":true,"href":"https:\/\/radiostudiow.com.br\/site\/wp-json\/wp\/v2\/comments?post=53085"}],"version-history":[{"count":1,"href":"https:\/\/radiostudiow.com.br\/site\/wp-json\/wp\/v2\/posts\/53085\/revisions"}],"predecessor-version":[{"id":53087,"href":"https:\/\/radiostudiow.com.br\/site\/wp-json\/wp\/v2\/posts\/53085\/revisions\/53087"}],"wp:featuredmedia":[{"embeddable":true,"href":"https:\/\/radiostudiow.com.br\/site\/wp-json\/wp\/v2\/media\/53086"}],"wp:attachment":[{"href":"https:\/\/radiostudiow.com.br\/site\/wp-json\/wp\/v2\/media?parent=53085"}],"wp:term":[{"taxonomy":"category","embeddable":true,"href":"https:\/\/radiostudiow.com.br\/site\/wp-json\/wp\/v2\/categories?post=53085"},{"taxonomy":"post_tag","embeddable":true,"href":"https:\/\/radiostudiow.com.br\/site\/wp-json\/wp\/v2\/tags?post=53085"}],"curies":[{"name":"wp","href":"https:\/\/api.w.org\/{rel}","templated":true}]}}