{"id":53088,"date":"2026-09-04T09:17:26","date_gmt":"2026-09-04T12:17:26","guid":{"rendered":"https:\/\/radiostudiow.com.br\/site\/?p=53088"},"modified":"2026-09-04T09:17:27","modified_gmt":"2026-09-04T12:17:27","slug":"pcpr-prende-investigado-por-estupro-de-vulneravel-em-irati","status":"publish","type":"post","link":"https:\/\/radiostudiow.com.br\/site\/2026\/09\/04\/pcpr-prende-investigado-por-estupro-de-vulneravel-em-irati\/","title":{"rendered":"PCPR prende investigado por estupro de vulner\u00e1vel em Irati"},"content":{"rendered":"\n<p class=\"wp-block-paragraph\">A equipe da Pol\u00edcia Civil do Paran\u00e1, por meio da 41\u00aa Delegacia Regional de Pol\u00edcia de Irati, deu cumprimento a mandado de pris\u00e3o preventiva contra um homem de 46 anos, investigado pela pr\u00e1tica de estupro de vulner\u00e1vel (art. 217-A do C\u00f3digo Penal) contra uma sobrinha, ent\u00e3o crian\u00e7a, no \u00e2mbito do mesmo n\u00facleo familiar, residente em localidade rural do munic\u00edpio nessa quinta-feira (03).<\/p>\n\n\n\n<p class=\"wp-block-paragraph\">O Inqu\u00e9rito Policial conduzido pela 41\u00aa DRP de Irati, foi instaurado a partir de relat\u00f3rio t\u00e9cnico de escuta especializada elaborado pela Secretaria Municipal de Assist\u00eancia Social de Irati, no bojo de medida de prote\u00e7\u00e3o que apurava quadro de viol\u00eancia dom\u00e9stica e abusos sofridos por crian\u00e7as de uma mesma fam\u00edlia.<\/p>\n\n\n\n<figure class=\"wp-block-image size-full\"><img loading=\"lazy\" decoding=\"async\" width=\"598\" height=\"204\" src=\"https:\/\/radiostudiow.com.br\/site\/wp-content\/uploads\/2024\/01\/SITE-MEDIO.png\" alt=\"\" class=\"wp-image-18916\" srcset=\"https:\/\/radiostudiow.com.br\/site\/wp-content\/uploads\/2024\/01\/SITE-MEDIO.png 598w, https:\/\/radiostudiow.com.br\/site\/wp-content\/uploads\/2024\/01\/SITE-MEDIO-300x102.png 300w\" sizes=\"auto, (max-width: 598px) 100vw, 598px\" \/><\/figure>\n\n\n\n<p class=\"wp-block-paragraph\">As investiga\u00e7\u00f5es apontaram que o investigado teria praticado, por diversas vezes ao longo de aproximadamente cinco anos, atos de estupro contra a v\u00edtima, ent\u00e3o com 9 (nove) anos de idade, al\u00e9m de ter tentado abusar de outra crian\u00e7a da fam\u00edlia, sendo interrompido pela chegada de um familiar.<br>A autoridade policial representou pela pris\u00e3o preventiva do investigado com fundamento na garantia da ordem p\u00fablica e na conveni\u00eancia da instru\u00e7\u00e3o criminal, diante do risco de reitera\u00e7\u00e3o delitiva e de intimida\u00e7\u00e3o de v\u00edtimas e testemunhas.<\/p>\n\n\n\n<p class=\"wp-block-paragraph\">O pedido foi acolhido pela Vara Criminal e Inf\u00e2ncia e Juventude da Comarca de Irati, que decretou a pris\u00e3o preventiva do investigado. Cumprido o mandado, ele foi encaminhado a unidade prisional, onde permanece \u00e0 disposi\u00e7\u00e3o da Justi\u00e7a.<\/p>\n\n\n\n<p class=\"wp-block-paragraph\">A Pol\u00edcia Civil do Paran\u00e1 refor\u00e7a seu compromisso com a apura\u00e7\u00e3o de crimes contra a dignidade sexual de crian\u00e7as e adolescentes e reitera o pedido de colabora\u00e7\u00e3o da popula\u00e7\u00e3o. Den\u00fancias podem ser feitas de forma an\u00f4nima pelos n\u00fameros 197 e 181.<\/p>\n\n\n\n<figure class=\"wp-block-image size-full\"><img loading=\"lazy\" decoding=\"async\" width=\"731\" height=\"204\" src=\"https:\/\/radiostudiow.com.br\/site\/wp-content\/uploads\/2026\/06\/BARAO.png\" alt=\"\" class=\"wp-image-50709\" srcset=\"https:\/\/radiostudiow.com.br\/site\/wp-content\/uploads\/2026\/06\/BARAO.png 731w, https:\/\/radiostudiow.com.br\/site\/wp-content\/uploads\/2026\/06\/BARAO-300x84.png 300w\" sizes=\"auto, (max-width: 731px) 100vw, 731px\" \/><\/figure>\n","protected":false},"excerpt":{"rendered":"<p>A equipe da Pol\u00edcia Civil do Paran\u00e1, por meio da 41\u00aa Delegacia Regional de Pol\u00edcia de Irati, deu cumprimento a mandado de pris\u00e3o preventiva contra um homem de 46 anos, investigado pela pr\u00e1tica de estupro de vulner\u00e1vel (art. 217-A do C\u00f3digo Penal) contra uma sobrinha, ent\u00e3o crian\u00e7a, no \u00e2mbito do mesmo n\u00facleo familiar, residente em [&hellip;]<\/p>\n","protected":false},"author":2,"featured_media":53089,"comment_status":"open","ping_status":"open","sticky":false,"template":"","format":"standard","meta":{"footnotes":""},"categories":[2],"tags":[172],"class_list":["post-53088","post","type-post","status-publish","format-standard","has-post-thumbnail","hentry","category-policial","tag-featured"],"amp_enabled":true,"_links":{"self":[{"href":"https:\/\/radiostudiow.com.br\/site\/wp-json\/wp\/v2\/posts\/53088","targetHints":{"allow":["GET"]}}],"collection":[{"href":"https:\/\/radiostudiow.com.br\/site\/wp-json\/wp\/v2\/posts"}],"about":[{"href":"https:\/\/radiostudiow.com.br\/site\/wp-json\/wp\/v2\/types\/post"}],"author":[{"embeddable":true,"href":"https:\/\/radiostudiow.com.br\/site\/wp-json\/wp\/v2\/users\/2"}],"replies":[{"embeddable":true,"href":"https:\/\/radiostudiow.com.br\/site\/wp-json\/wp\/v2\/comments?post=53088"}],"version-history":[{"count":1,"href":"https:\/\/radiostudiow.com.br\/site\/wp-json\/wp\/v2\/posts\/53088\/revisions"}],"predecessor-version":[{"id":53090,"href":"https:\/\/radiostudiow.com.br\/site\/wp-json\/wp\/v2\/posts\/53088\/revisions\/53090"}],"wp:featuredmedia":[{"embeddable":true,"href":"https:\/\/radiostudiow.com.br\/site\/wp-json\/wp\/v2\/media\/53089"}],"wp:attachment":[{"href":"https:\/\/radiostudiow.com.br\/site\/wp-json\/wp\/v2\/media?parent=53088"}],"wp:term":[{"taxonomy":"category","embeddable":true,"href":"https:\/\/radiostudiow.com.br\/site\/wp-json\/wp\/v2\/categories?post=53088"},{"taxonomy":"post_tag","embeddable":true,"href":"https:\/\/radiostudiow.com.br\/site\/wp-json\/wp\/v2\/tags?post=53088"}],"curies":[{"name":"wp","href":"https:\/\/api.w.org\/{rel}","templated":true}]}}