{"id":53091,"date":"2026-09-04T09:20:01","date_gmt":"2026-09-04T12:20:01","guid":{"rendered":"https:\/\/radiostudiow.com.br\/site\/?p=53091"},"modified":"2026-09-04T09:20:02","modified_gmt":"2026-09-04T12:20:02","slug":"operacao-conjunta-apreende-mais-de-r-446-mil-em-mercadorias-irregulares-em-uniao-da-vitoria-e-sao-mateus-do-sul","status":"publish","type":"post","link":"https:\/\/radiostudiow.com.br\/site\/2026\/09\/04\/operacao-conjunta-apreende-mais-de-r-446-mil-em-mercadorias-irregulares-em-uniao-da-vitoria-e-sao-mateus-do-sul\/","title":{"rendered":"Opera\u00e7\u00e3o conjunta apreende mais de R$ 446 mil em mercadorias irregulares em Uni\u00e3o da Vit\u00f3ria e S\u00e3o Mateus do Sul"},"content":{"rendered":"\n<p class=\"wp-block-paragraph\">Uma opera\u00e7\u00e3o conjunta realizada nesta quinta-feira (3) reuniu equipes da Pol\u00edcia Civil, Pol\u00edcia Militar e Receita Estadual para intensificar a fiscaliza\u00e7\u00e3o e o combate a crimes fiscais e penais nos munic\u00edpios de Uni\u00e3o da Vit\u00f3ria e S\u00e3o Mateus do Sul.<\/p>\n\n\n\n<p class=\"wp-block-paragraph\">A a\u00e7\u00e3o contou com a participa\u00e7\u00e3o da Pol\u00edcia Civil, por meio da 3\u00aa e da 4\u00aa Subdivis\u00f5es Policiais (SDPs), da Pol\u00edcia Militar e da Receita Estadual, atrav\u00e9s da 5\u00aa Delegacia Regional da Receita Estadual (5\u00aa DRE).<\/p>\n\n\n\n<figure class=\"wp-block-image size-full\"><img loading=\"lazy\" decoding=\"async\" width=\"731\" height=\"246\" src=\"https:\/\/radiostudiow.com.br\/site\/wp-content\/uploads\/2026\/08\/VITALY.png\" alt=\"\" class=\"wp-image-52200\" srcset=\"https:\/\/radiostudiow.com.br\/site\/wp-content\/uploads\/2026\/08\/VITALY.png 731w, https:\/\/radiostudiow.com.br\/site\/wp-content\/uploads\/2026\/08\/VITALY-300x101.png 300w\" sizes=\"auto, (max-width: 731px) 100vw, 731px\" \/><\/figure>\n\n\n\n<blockquote class=\"wp-block-quote is-layout-flow wp-block-quote-is-layout-flow\">\n<p class=\"has-text-align-center wp-block-paragraph\">Resultados da opera\u00e7\u00e3o<\/p>\n<\/blockquote>\n\n\n\n<p class=\"wp-block-paragraph\">Em Uni\u00e3o da Vit\u00f3ria, as equipes apreenderam fios de cobre em um ferro-velho. O material \u00e9 suspeito de ser proveniente de recepta\u00e7\u00e3o de furtos e ser\u00e1 alvo de investiga\u00e7\u00e3o.<\/p>\n\n\n\n<p class=\"wp-block-paragraph\">J\u00e1 em S\u00e3o Mateus do Sul, a fiscaliza\u00e7\u00e3o identificou diversas irregularidades. Foram localizados um dep\u00f3sito de sucata met\u00e1lica funcionando sem inscri\u00e7\u00e3o estadual e um estabelecimento que realizava desmanche de ve\u00edculos e com\u00e9rcio de pe\u00e7as automotivas, tamb\u00e9m sem inscri\u00e7\u00e3o estadual.<\/p>\n\n\n\n<p class=\"wp-block-paragraph\"><strong>Ao todo, a opera\u00e7\u00e3o resultou na apreens\u00e3o de R$ 446.140,56 em mercadorias e bens tributados.<\/strong><\/p>\n\n\n\n<p class=\"wp-block-paragraph\">Desse montante, R$ 395 mil correspondem a dois locais fiscalizados pela Receita Estadual do Paran\u00e1 (REPR-PR). Em um deles foram encontradas 14 carca\u00e7as de caminh\u00f5es sem nota fiscal e sem comprova\u00e7\u00e3o de proced\u00eancia. No outro, considerado completamente irregular, foram localizadas 36 carca\u00e7as de ve\u00edculos, al\u00e9m de um dep\u00f3sito contendo latarias, motores, c\u00e2mbios, componentes eletr\u00f4nicos e diversas outras pe\u00e7as automotivas, todas sem documenta\u00e7\u00e3o que comprovasse sua origem.<\/p>\n\n\n\n<figure class=\"wp-block-image size-full\"><img loading=\"lazy\" decoding=\"async\" width=\"598\" height=\"204\" src=\"https:\/\/radiostudiow.com.br\/site\/wp-content\/uploads\/2025\/04\/BOROX.png\" alt=\"\" class=\"wp-image-37229\" srcset=\"https:\/\/radiostudiow.com.br\/site\/wp-content\/uploads\/2025\/04\/BOROX.png 598w, https:\/\/radiostudiow.com.br\/site\/wp-content\/uploads\/2025\/04\/BOROX-300x102.png 300w\" sizes=\"auto, (max-width: 598px) 100vw, 598px\" \/><\/figure>\n\n\n\n<p class=\"wp-block-paragraph\">Diante das irregularidades constatadas, o delegado titular da 3\u00aa Subdivis\u00e3o Policial de Uni\u00e3o da Vit\u00f3ria, Vinicius Fernandes Maciel, determinou a instaura\u00e7\u00e3o de inqu\u00e9rito policial para apurar poss\u00edveis crimes relacionados ao funcionamento do estabelecimento e \u00e0 origem dos materiais apreendidos.<\/p>\n\n\n\n<p class=\"wp-block-paragraph\">O auditor fiscal Luiz Carlos Lucchesi Ribas, respons\u00e1vel pelo acompanhamento da opera\u00e7\u00e3o, destacou que a integra\u00e7\u00e3o entre os \u00f3rg\u00e3os p\u00fablicos fortalece o combate aos il\u00edcitos fiscais e penais, contribuindo para coibir pr\u00e1ticas ilegais que causam preju\u00edzos \u00e0 sociedade e \u00e0 arrecada\u00e7\u00e3o p\u00fablica.<\/p>\n\n\n\n<p class=\"wp-block-paragraph\">A opera\u00e7\u00e3o refor\u00e7a a atua\u00e7\u00e3o conjunta das for\u00e7as de seguran\u00e7a e dos \u00f3rg\u00e3os de fiscaliza\u00e7\u00e3o na identifica\u00e7\u00e3o de estabelecimentos irregulares, na repress\u00e3o \u00e0 recepta\u00e7\u00e3o de materiais de origem il\u00edcita e na preven\u00e7\u00e3o de crimes contra o patrim\u00f4nio e a ordem tribut\u00e1ria.<\/p>\n","protected":false},"excerpt":{"rendered":"<p>Uma opera\u00e7\u00e3o conjunta realizada nesta quinta-feira (3) reuniu equipes da Pol\u00edcia Civil, Pol\u00edcia Militar e Receita Estadual para intensificar a fiscaliza\u00e7\u00e3o e o combate a crimes fiscais e penais nos munic\u00edpios de Uni\u00e3o da Vit\u00f3ria e S\u00e3o Mateus do Sul. A a\u00e7\u00e3o contou com a participa\u00e7\u00e3o da Pol\u00edcia Civil, por meio da 3\u00aa e da [&hellip;]<\/p>\n","protected":false},"author":2,"featured_media":53092,"comment_status":"open","ping_status":"open","sticky":false,"template":"","format":"standard","meta":{"footnotes":""},"categories":[2],"tags":[172],"class_list":["post-53091","post","type-post","status-publish","format-standard","has-post-thumbnail","hentry","category-policial","tag-featured"],"amp_enabled":true,"_links":{"self":[{"href":"https:\/\/radiostudiow.com.br\/site\/wp-json\/wp\/v2\/posts\/53091","targetHints":{"allow":["GET"]}}],"collection":[{"href":"https:\/\/radiostudiow.com.br\/site\/wp-json\/wp\/v2\/posts"}],"about":[{"href":"https:\/\/radiostudiow.com.br\/site\/wp-json\/wp\/v2\/types\/post"}],"author":[{"embeddable":true,"href":"https:\/\/radiostudiow.com.br\/site\/wp-json\/wp\/v2\/users\/2"}],"replies":[{"embeddable":true,"href":"https:\/\/radiostudiow.com.br\/site\/wp-json\/wp\/v2\/comments?post=53091"}],"version-history":[{"count":1,"href":"https:\/\/radiostudiow.com.br\/site\/wp-json\/wp\/v2\/posts\/53091\/revisions"}],"predecessor-version":[{"id":53093,"href":"https:\/\/radiostudiow.com.br\/site\/wp-json\/wp\/v2\/posts\/53091\/revisions\/53093"}],"wp:featuredmedia":[{"embeddable":true,"href":"https:\/\/radiostudiow.com.br\/site\/wp-json\/wp\/v2\/media\/53092"}],"wp:attachment":[{"href":"https:\/\/radiostudiow.com.br\/site\/wp-json\/wp\/v2\/media?parent=53091"}],"wp:term":[{"taxonomy":"category","embeddable":true,"href":"https:\/\/radiostudiow.com.br\/site\/wp-json\/wp\/v2\/categories?post=53091"},{"taxonomy":"post_tag","embeddable":true,"href":"https:\/\/radiostudiow.com.br\/site\/wp-json\/wp\/v2\/tags?post=53091"}],"curies":[{"name":"wp","href":"https:\/\/api.w.org\/{rel}","templated":true}]}}