{"id":53094,"date":"2026-09-04T09:52:37","date_gmt":"2026-09-04T12:52:37","guid":{"rendered":"https:\/\/radiostudiow.com.br\/site\/?p=53094"},"modified":"2026-09-04T09:52:37","modified_gmt":"2026-09-04T12:52:37","slug":"policia-ambiental-flagra-desmatamento-ilegal-da-mata-atlantica-e-aplica-multa-de-r-14-mil-em-prudentopolis","status":"publish","type":"post","link":"https:\/\/radiostudiow.com.br\/site\/2026\/09\/04\/policia-ambiental-flagra-desmatamento-ilegal-da-mata-atlantica-e-aplica-multa-de-r-14-mil-em-prudentopolis\/","title":{"rendered":"Pol\u00edcia Ambiental flagra desmatamento ilegal da Mata Atl\u00e2ntica e aplica multa de R$ 14 mil em Prudent\u00f3polis"},"content":{"rendered":"\n<p class=\"wp-block-paragraph\">Durante a\u00e7\u00f5es da Opera\u00e7\u00e3o For\u00e7a Total XXX e da Opera\u00e7\u00e3o Mata Atl\u00e2ntica em P\u00e9 X, realizadas nesta quinta-feira (3), a Pol\u00edcia Militar Ambiental constatou a destrui\u00e7\u00e3o ilegal de 1,53 hectare de vegeta\u00e7\u00e3o nativa pertencente ao Bioma Mata Atl\u00e2ntica, em est\u00e1gio m\u00e9dio de regenera\u00e7\u00e3o, no munic\u00edpio de Prudent\u00f3polis.<\/p>\n\n\n\n<p class=\"wp-block-paragraph\">Conforme a corpora\u00e7\u00e3o, durante a fiscaliza\u00e7\u00e3o foi verificado que a supress\u00e3o da vegeta\u00e7\u00e3o ocorreu por meio de destoca, al\u00e9m da utiliza\u00e7\u00e3o irregular da \u00e1rea para o cultivo de eucalipto (Eucalyptus globulus).<\/p>\n\n\n\n<figure class=\"wp-block-image size-full\"><img loading=\"lazy\" decoding=\"async\" width=\"731\" height=\"204\" src=\"https:\/\/radiostudiow.com.br\/site\/wp-content\/uploads\/2026\/01\/BARROS-2026.png\" alt=\"\" class=\"wp-image-46173\" srcset=\"https:\/\/radiostudiow.com.br\/site\/wp-content\/uploads\/2026\/01\/BARROS-2026.png 731w, https:\/\/radiostudiow.com.br\/site\/wp-content\/uploads\/2026\/01\/BARROS-2026-300x84.png 300w\" sizes=\"auto, (max-width: 731px) 100vw, 731px\" \/><\/figure>\n\n\n\n<p class=\"wp-block-paragraph\">Diante das irregularidades, a equipe lavrou um Auto de Infra\u00e7\u00e3o Ambiental no valor de R$ 14 mil e determinou o embargo imediato da \u00e1rea degradada. O respons\u00e1vel pelo im\u00f3vel foi orientado sobre os procedimentos para eventual apresenta\u00e7\u00e3o de recurso administrativo, bem como sobre as restri\u00e7\u00f5es de uso da \u00e1rea enquanto permanecer o embargo.<\/p>\n\n\n\n<p class=\"wp-block-paragraph\">Al\u00e9m das medidas administrativas, a Pol\u00edcia Militar Ambiental informou que ser\u00e1 encaminhado um of\u00edcio \u00e0 Delegacia de Pol\u00edcia Civil de Prudent\u00f3polis para a instaura\u00e7\u00e3o de inqu\u00e9rito policial, que ir\u00e1 apurar as poss\u00edveis responsabilidades criminais relacionadas ao desmatamento.<\/p>\n\n\n\n<p class=\"wp-block-paragraph\">A a\u00e7\u00e3o faz parte das opera\u00e7\u00f5es desenvolvidas pela Pol\u00edcia Militar do Paran\u00e1 para intensificar a fiscaliza\u00e7\u00e3o ambiental, combater crimes contra a flora e preservar remanescentes do Bioma Mata Atl\u00e2ntica, um dos ecossistemas mais amea\u00e7ados do pa\u00eds.<\/p>\n\n\n\n<figure class=\"wp-block-image size-large\"><img loading=\"lazy\" decoding=\"async\" width=\"1024\" height=\"383\" src=\"https:\/\/radiostudiow.com.br\/site\/wp-content\/uploads\/2026\/09\/WhatsApp-Image-2026-09-04-at-09.12.28-1024x383.jpg\" alt=\"\" class=\"wp-image-53096\" srcset=\"https:\/\/radiostudiow.com.br\/site\/wp-content\/uploads\/2026\/09\/WhatsApp-Image-2026-09-04-at-09.12.28-1024x383.jpg 1024w, https:\/\/radiostudiow.com.br\/site\/wp-content\/uploads\/2026\/09\/WhatsApp-Image-2026-09-04-at-09.12.28-300x112.jpg 300w, https:\/\/radiostudiow.com.br\/site\/wp-content\/uploads\/2026\/09\/WhatsApp-Image-2026-09-04-at-09.12.28-768x287.jpg 768w, https:\/\/radiostudiow.com.br\/site\/wp-content\/uploads\/2026\/09\/WhatsApp-Image-2026-09-04-at-09.12.28-1536x574.jpg 1536w, https:\/\/radiostudiow.com.br\/site\/wp-content\/uploads\/2026\/09\/WhatsApp-Image-2026-09-04-at-09.12.28-2048x765.jpg 2048w\" sizes=\"auto, (max-width: 1024px) 100vw, 1024px\" \/><\/figure>\n","protected":false},"excerpt":{"rendered":"<p>Durante a\u00e7\u00f5es da Opera\u00e7\u00e3o For\u00e7a Total XXX e da Opera\u00e7\u00e3o Mata Atl\u00e2ntica em P\u00e9 X, realizadas nesta quinta-feira (3), a Pol\u00edcia Militar Ambiental constatou a destrui\u00e7\u00e3o ilegal de 1,53 hectare de vegeta\u00e7\u00e3o nativa pertencente ao Bioma Mata Atl\u00e2ntica, em est\u00e1gio m\u00e9dio de regenera\u00e7\u00e3o, no munic\u00edpio de Prudent\u00f3polis. Conforme a corpora\u00e7\u00e3o, durante a fiscaliza\u00e7\u00e3o foi verificado [&hellip;]<\/p>\n","protected":false},"author":2,"featured_media":53095,"comment_status":"open","ping_status":"open","sticky":false,"template":"","format":"standard","meta":{"footnotes":""},"categories":[2],"tags":[172],"class_list":["post-53094","post","type-post","status-publish","format-standard","has-post-thumbnail","hentry","category-policial","tag-featured"],"amp_enabled":true,"_links":{"self":[{"href":"https:\/\/radiostudiow.com.br\/site\/wp-json\/wp\/v2\/posts\/53094","targetHints":{"allow":["GET"]}}],"collection":[{"href":"https:\/\/radiostudiow.com.br\/site\/wp-json\/wp\/v2\/posts"}],"about":[{"href":"https:\/\/radiostudiow.com.br\/site\/wp-json\/wp\/v2\/types\/post"}],"author":[{"embeddable":true,"href":"https:\/\/radiostudiow.com.br\/site\/wp-json\/wp\/v2\/users\/2"}],"replies":[{"embeddable":true,"href":"https:\/\/radiostudiow.com.br\/site\/wp-json\/wp\/v2\/comments?post=53094"}],"version-history":[{"count":1,"href":"https:\/\/radiostudiow.com.br\/site\/wp-json\/wp\/v2\/posts\/53094\/revisions"}],"predecessor-version":[{"id":53097,"href":"https:\/\/radiostudiow.com.br\/site\/wp-json\/wp\/v2\/posts\/53094\/revisions\/53097"}],"wp:featuredmedia":[{"embeddable":true,"href":"https:\/\/radiostudiow.com.br\/site\/wp-json\/wp\/v2\/media\/53095"}],"wp:attachment":[{"href":"https:\/\/radiostudiow.com.br\/site\/wp-json\/wp\/v2\/media?parent=53094"}],"wp:term":[{"taxonomy":"category","embeddable":true,"href":"https:\/\/radiostudiow.com.br\/site\/wp-json\/wp\/v2\/categories?post=53094"},{"taxonomy":"post_tag","embeddable":true,"href":"https:\/\/radiostudiow.com.br\/site\/wp-json\/wp\/v2\/tags?post=53094"}],"curies":[{"name":"wp","href":"https:\/\/api.w.org\/{rel}","templated":true}]}}