{"id":53098,"date":"2026-09-04T11:49:40","date_gmt":"2026-09-04T14:49:40","guid":{"rendered":"https:\/\/radiostudiow.com.br\/site\/?p=53098"},"modified":"2026-09-04T11:49:41","modified_gmt":"2026-09-04T14:49:41","slug":"homem-que-estava-desaparecido-e-encontrado-morto-em-tanque-de-peixes-no-interior-de-reboucas","status":"publish","type":"post","link":"https:\/\/radiostudiow.com.br\/site\/2026\/09\/04\/homem-que-estava-desaparecido-e-encontrado-morto-em-tanque-de-peixes-no-interior-de-reboucas\/","title":{"rendered":"Homem que estava desaparecido \u00e9 encontrado morto em tanque de peixes no interior de Rebou\u00e7as"},"content":{"rendered":"\n<p class=\"wp-block-paragraph\">Um homem que estava desaparecido desde a tarde de quarta-feira (2) foi encontrado morto nesta quinta-feira (3) em um tanque de peixes na localidade de Cochos, interior do munic\u00edpio de Rebou\u00e7as.<\/p>\n\n\n\n<p class=\"wp-block-paragraph\">De acordo com informa\u00e7\u00f5es da Pol\u00edcia Militar, por volta das 13h30, a equipe foi acionada pelo COPOM para prestar atendimento no local, ap\u00f3s o Corpo de Bombeiros de Irati localizar o corpo da v\u00edtima submerso no tanque.<\/p>\n\n\n\n<figure class=\"wp-block-image size-full\"><img loading=\"lazy\" decoding=\"async\" width=\"598\" height=\"204\" src=\"https:\/\/radiostudiow.com.br\/site\/wp-content\/uploads\/2025\/05\/POLAK.png\" alt=\"\" class=\"wp-image-37847\" srcset=\"https:\/\/radiostudiow.com.br\/site\/wp-content\/uploads\/2025\/05\/POLAK.png 598w, https:\/\/radiostudiow.com.br\/site\/wp-content\/uploads\/2025\/05\/POLAK-300x102.png 300w\" sizes=\"auto, (max-width: 598px) 100vw, 598px\" \/><\/figure>\n\n\n\n<p class=\"wp-block-paragraph\">Segundo relato de um primo da v\u00edtima, o homem desapareceu por volta das 16h do dia anterior. Durante as buscas, familiares encontraram as roupas e os equipamentos de pesca pertencentes \u00e0 v\u00edtima nas proximidades do tanque. Como ele n\u00e3o foi localizado, o Corpo de Bombeiros foi acionado e iniciou as buscas.<\/p>\n\n\n\n<p class=\"wp-block-paragraph\">Na tarde desta quinta-feira, os bombeiros encontraram o corpo submerso no meio do lago, a aproximadamente quatro metros de profundidade.<\/p>\n\n\n\n<p class=\"wp-block-paragraph\">A Pol\u00edcia Militar realizou o isolamento da \u00e1rea e acionou a Pol\u00edcia Cient\u00edfica e os demais \u00f3rg\u00e3os competentes para os procedimentos de per\u00edcia e remo\u00e7\u00e3o do corpo.<\/p>\n\n\n\n<p class=\"wp-block-paragraph\">As circunst\u00e2ncias da morte ser\u00e3o investigadas pelas autoridades competentes.<\/p>\n\n\n\n<figure class=\"wp-block-gallery has-nested-images columns-default is-cropped wp-block-gallery-1 is-layout-flex wp-block-gallery-is-layout-flex\">\n<figure class=\"wp-block-image size-large\"><img loading=\"lazy\" decoding=\"async\" width=\"1024\" height=\"614\" data-id=\"49503\" src=\"https:\/\/radiostudiow.com.br\/site\/wp-content\/uploads\/2026\/04\/654201482_1470964768373748_4081698801832202517_n-1-1024x614.jpg\" alt=\"\" class=\"wp-image-49503\" srcset=\"https:\/\/radiostudiow.com.br\/site\/wp-content\/uploads\/2026\/04\/654201482_1470964768373748_4081698801832202517_n-1-1024x614.jpg 1024w, https:\/\/radiostudiow.com.br\/site\/wp-content\/uploads\/2026\/04\/654201482_1470964768373748_4081698801832202517_n-1-300x180.jpg 300w, https:\/\/radiostudiow.com.br\/site\/wp-content\/uploads\/2026\/04\/654201482_1470964768373748_4081698801832202517_n-1-768x461.jpg 768w, https:\/\/radiostudiow.com.br\/site\/wp-content\/uploads\/2026\/04\/654201482_1470964768373748_4081698801832202517_n-1-1536x921.jpg 1536w, https:\/\/radiostudiow.com.br\/site\/wp-content\/uploads\/2026\/04\/654201482_1470964768373748_4081698801832202517_n-1-1000x600.jpg 1000w, https:\/\/radiostudiow.com.br\/site\/wp-content\/uploads\/2026\/04\/654201482_1470964768373748_4081698801832202517_n-1-590x354.jpg 590w, https:\/\/radiostudiow.com.br\/site\/wp-content\/uploads\/2026\/04\/654201482_1470964768373748_4081698801832202517_n-1-400x240.jpg 400w, https:\/\/radiostudiow.com.br\/site\/wp-content\/uploads\/2026\/04\/654201482_1470964768373748_4081698801832202517_n-1.jpg 1672w\" sizes=\"auto, (max-width: 1024px) 100vw, 1024px\" \/><\/figure>\n\n\n\n<figure class=\"wp-block-image size-large\"><img loading=\"lazy\" decoding=\"async\" width=\"300\" height=\"180\" data-id=\"47110\" src=\"https:\/\/radiostudiow.com.br\/site\/wp-content\/uploads\/2026\/01\/EXTREME.png\" alt=\"\" class=\"wp-image-47110\"\/><\/figure>\n<\/figure>\n\n\n\n<p class=\"wp-block-paragraph\"><\/p>\n","protected":false},"excerpt":{"rendered":"<p>Um homem que estava desaparecido desde a tarde de quarta-feira (2) foi encontrado morto nesta quinta-feira (3) em um tanque de peixes na localidade de Cochos, interior do munic\u00edpio de Rebou\u00e7as. De acordo com informa\u00e7\u00f5es da Pol\u00edcia Militar, por volta das 13h30, a equipe foi acionada pelo COPOM para prestar atendimento no local, ap\u00f3s o [&hellip;]<\/p>\n","protected":false},"author":2,"featured_media":50511,"comment_status":"open","ping_status":"open","sticky":false,"template":"","format":"standard","meta":{"footnotes":""},"categories":[2],"tags":[172],"class_list":["post-53098","post","type-post","status-publish","format-standard","has-post-thumbnail","hentry","category-policial","tag-featured"],"amp_enabled":true,"_links":{"self":[{"href":"https:\/\/radiostudiow.com.br\/site\/wp-json\/wp\/v2\/posts\/53098","targetHints":{"allow":["GET"]}}],"collection":[{"href":"https:\/\/radiostudiow.com.br\/site\/wp-json\/wp\/v2\/posts"}],"about":[{"href":"https:\/\/radiostudiow.com.br\/site\/wp-json\/wp\/v2\/types\/post"}],"author":[{"embeddable":true,"href":"https:\/\/radiostudiow.com.br\/site\/wp-json\/wp\/v2\/users\/2"}],"replies":[{"embeddable":true,"href":"https:\/\/radiostudiow.com.br\/site\/wp-json\/wp\/v2\/comments?post=53098"}],"version-history":[{"count":2,"href":"https:\/\/radiostudiow.com.br\/site\/wp-json\/wp\/v2\/posts\/53098\/revisions"}],"predecessor-version":[{"id":53111,"href":"https:\/\/radiostudiow.com.br\/site\/wp-json\/wp\/v2\/posts\/53098\/revisions\/53111"}],"wp:featuredmedia":[{"embeddable":true,"href":"https:\/\/radiostudiow.com.br\/site\/wp-json\/wp\/v2\/media\/50511"}],"wp:attachment":[{"href":"https:\/\/radiostudiow.com.br\/site\/wp-json\/wp\/v2\/media?parent=53098"}],"wp:term":[{"taxonomy":"category","embeddable":true,"href":"https:\/\/radiostudiow.com.br\/site\/wp-json\/wp\/v2\/categories?post=53098"},{"taxonomy":"post_tag","embeddable":true,"href":"https:\/\/radiostudiow.com.br\/site\/wp-json\/wp\/v2\/tags?post=53098"}],"curies":[{"name":"wp","href":"https:\/\/api.w.org\/{rel}","templated":true}]}}