{"id":53100,"date":"2026-09-04T10:04:47","date_gmt":"2026-09-04T13:04:47","guid":{"rendered":"https:\/\/radiostudiow.com.br\/site\/?p=53100"},"modified":"2026-09-04T10:04:48","modified_gmt":"2026-09-04T13:04:48","slug":"adolescente-sem-cnh-foge-da-policia-militar-em-alta-velocidade-e-acaba-apreendido-em-reboucas","status":"publish","type":"post","link":"https:\/\/radiostudiow.com.br\/site\/2026\/09\/04\/adolescente-sem-cnh-foge-da-policia-militar-em-alta-velocidade-e-acaba-apreendido-em-reboucas\/","title":{"rendered":"Adolescente sem CNH foge da Pol\u00edcia Militar em alta velocidade e acaba apreendido em Rebou\u00e7as"},"content":{"rendered":"\n<figure class=\"wp-block-image size-full\"><img loading=\"lazy\" decoding=\"async\" width=\"731\" height=\"204\" src=\"https:\/\/radiostudiow.com.br\/site\/wp-content\/uploads\/2026\/05\/MALLETUR.png\" alt=\"\" class=\"wp-image-50123\" srcset=\"https:\/\/radiostudiow.com.br\/site\/wp-content\/uploads\/2026\/05\/MALLETUR.png 731w, https:\/\/radiostudiow.com.br\/site\/wp-content\/uploads\/2026\/05\/MALLETUR-300x84.png 300w\" sizes=\"auto, (max-width: 731px) 100vw, 731px\" \/><\/figure>\n\n\n\n<p class=\"wp-block-paragraph\">Um adolescente foi apreendido na noite desta quinta-feira (3) ap\u00f3s fugir de uma abordagem da Pol\u00edcia Militar pelas ruas da \u00e1rea central de Rebou\u00e7as. A ocorr\u00eancia foi registrada por volta das 22h30 e resultou na apreens\u00e3o de uma motocicleta irregular.<\/p>\n\n\n\n<p class=\"wp-block-paragraph\">De acordo com a Pol\u00edcia Militar, a equipe realizava patrulhamento quando avistou uma motocicleta transitando com ru\u00eddo excessivo, causado por escapamento adulterado. Ao receber ordem de parada, o condutor desobedeceu \u00e0 determina\u00e7\u00e3o e iniciou fuga em alta velocidade, percorrendo diversas ruas da cidade e colocando em risco a seguran\u00e7a de pedestres e demais motoristas.<\/p>\n\n\n\n<p class=\"wp-block-paragraph\">Ap\u00f3s o acompanhamento t\u00e1tico, os policiais conseguiram abordar a motocicleta e identificaram que o condutor era um adolescente, que n\u00e3o possu\u00eda Carteira Nacional de Habilita\u00e7\u00e3o (CNH).<\/p>\n\n\n\n<figure class=\"wp-block-gallery has-nested-images columns-default is-cropped wp-block-gallery-1 is-layout-flex wp-block-gallery-is-layout-flex\">\n<figure class=\"wp-block-image size-large\"><img loading=\"lazy\" decoding=\"async\" width=\"300\" height=\"180\" data-id=\"37219\" src=\"https:\/\/radiostudiow.com.br\/site\/wp-content\/uploads\/2025\/04\/AGRODU.png\" alt=\"\" class=\"wp-image-37219\"\/><\/figure>\n\n\n\n<figure class=\"wp-block-image size-large\"><img loading=\"lazy\" decoding=\"async\" width=\"300\" height=\"180\" data-id=\"48867\" src=\"https:\/\/radiostudiow.com.br\/site\/wp-content\/uploads\/2026\/03\/SUPREMA-BARBA.png\" alt=\"\" class=\"wp-image-48867\"\/><\/figure>\n<\/figure>\n\n\n\n<p class=\"wp-block-paragraph\">Durante a fiscaliza\u00e7\u00e3o, foram constatadas irregularidades no ve\u00edculo, que foi recolhido ao p\u00e1tio do 2\u00ba Pelot\u00e3o da Pol\u00edcia Militar. Tamb\u00e9m foram lavradas as notifica\u00e7\u00f5es de tr\u00e2nsito cab\u00edveis.<\/p>\n\n\n\n<p class=\"wp-block-paragraph\">Na presen\u00e7a de um respons\u00e1vel legal, o adolescente foi encaminhado \u00e0 Delegacia da Pol\u00edcia Civil, onde foram adotados os procedimentos pertinentes.<\/p>\n\n\n\n<p class=\"wp-block-paragraph\">O caso foi registrado pelos crimes de dire\u00e7\u00e3o perigosa, desobedi\u00eancia, al\u00e9m das infra\u00e7\u00f5es de tr\u00e2nsito relacionadas \u00e0 condu\u00e7\u00e3o de ve\u00edculo sem habilita\u00e7\u00e3o e \u00e0s irregularidades constatadas na motocicleta.<\/p>\n","protected":false},"excerpt":{"rendered":"<p>Um adolescente foi apreendido na noite desta quinta-feira (3) ap\u00f3s fugir de uma abordagem da Pol\u00edcia Militar pelas ruas da \u00e1rea central de Rebou\u00e7as. A ocorr\u00eancia foi registrada por volta das 22h30 e resultou na apreens\u00e3o de uma motocicleta irregular. De acordo com a Pol\u00edcia Militar, a equipe realizava patrulhamento quando avistou uma motocicleta transitando [&hellip;]<\/p>\n","protected":false},"author":2,"featured_media":32852,"comment_status":"open","ping_status":"open","sticky":false,"template":"","format":"standard","meta":{"footnotes":""},"categories":[2],"tags":[172],"class_list":["post-53100","post","type-post","status-publish","format-standard","has-post-thumbnail","hentry","category-policial","tag-featured"],"amp_enabled":true,"_links":{"self":[{"href":"https:\/\/radiostudiow.com.br\/site\/wp-json\/wp\/v2\/posts\/53100","targetHints":{"allow":["GET"]}}],"collection":[{"href":"https:\/\/radiostudiow.com.br\/site\/wp-json\/wp\/v2\/posts"}],"about":[{"href":"https:\/\/radiostudiow.com.br\/site\/wp-json\/wp\/v2\/types\/post"}],"author":[{"embeddable":true,"href":"https:\/\/radiostudiow.com.br\/site\/wp-json\/wp\/v2\/users\/2"}],"replies":[{"embeddable":true,"href":"https:\/\/radiostudiow.com.br\/site\/wp-json\/wp\/v2\/comments?post=53100"}],"version-history":[{"count":1,"href":"https:\/\/radiostudiow.com.br\/site\/wp-json\/wp\/v2\/posts\/53100\/revisions"}],"predecessor-version":[{"id":53103,"href":"https:\/\/radiostudiow.com.br\/site\/wp-json\/wp\/v2\/posts\/53100\/revisions\/53103"}],"wp:featuredmedia":[{"embeddable":true,"href":"https:\/\/radiostudiow.com.br\/site\/wp-json\/wp\/v2\/media\/32852"}],"wp:attachment":[{"href":"https:\/\/radiostudiow.com.br\/site\/wp-json\/wp\/v2\/media?parent=53100"}],"wp:term":[{"taxonomy":"category","embeddable":true,"href":"https:\/\/radiostudiow.com.br\/site\/wp-json\/wp\/v2\/categories?post=53100"},{"taxonomy":"post_tag","embeddable":true,"href":"https:\/\/radiostudiow.com.br\/site\/wp-json\/wp\/v2\/tags?post=53100"}],"curies":[{"name":"wp","href":"https:\/\/api.w.org\/{rel}","templated":true}]}}