{"id":53104,"date":"2026-09-04T10:08:16","date_gmt":"2026-09-04T13:08:16","guid":{"rendered":"https:\/\/radiostudiow.com.br\/site\/?p=53104"},"modified":"2026-09-04T10:08:17","modified_gmt":"2026-09-04T13:08:17","slug":"mulher-denuncia-ameaca-de-morte-durante-discussao-com-companheiro-em-rio-azul","status":"publish","type":"post","link":"https:\/\/radiostudiow.com.br\/site\/2026\/09\/04\/mulher-denuncia-ameaca-de-morte-durante-discussao-com-companheiro-em-rio-azul\/","title":{"rendered":"Mulher denuncia amea\u00e7a de morte durante discuss\u00e3o com companheiro em Rio Azul"},"content":{"rendered":"\n<figure class=\"wp-block-image size-full\"><img loading=\"lazy\" decoding=\"async\" width=\"731\" height=\"204\" src=\"https:\/\/radiostudiow.com.br\/site\/wp-content\/uploads\/2026\/05\/SITE-GRANDE-2026.png\" alt=\"\" class=\"wp-image-49711\" srcset=\"https:\/\/radiostudiow.com.br\/site\/wp-content\/uploads\/2026\/05\/SITE-GRANDE-2026.png 731w, https:\/\/radiostudiow.com.br\/site\/wp-content\/uploads\/2026\/05\/SITE-GRANDE-2026-300x84.png 300w\" sizes=\"auto, (max-width: 731px) 100vw, 731px\" \/><\/figure>\n\n\n\n<p class=\"wp-block-paragraph\">Uma ocorr\u00eancia de viol\u00eancia dom\u00e9stica mobilizou a Pol\u00edcia Militar na tarde desta quinta-feira dia 03 de setembro, na Vila Veronez, em Rio Azul.<\/p>\n\n\n\n<p class=\"wp-block-paragraph\">De acordo com o boletim da ocorr\u00eancia, a equipe do 2\u00ba Pelot\u00e3o da Pol\u00edcia Militar foi acionada para atender uma den\u00fancia de les\u00e3o corporal contra mulher. No local, a v\u00edtima relatou que havia se envolvido em uma discuss\u00e3o com seu convivente, durante a qual ele teria a amea\u00e7ado de morte.<\/p>\n\n\n\n<p class=\"wp-block-paragraph\">Segundo a mulher, ap\u00f3s as amea\u00e7as, o suspeito deixou o local e tomou rumo ignorado antes da chegada da equipe policial.<\/p>\n\n\n\n<p class=\"wp-block-paragraph\">Os policiais prestaram atendimento \u00e0 v\u00edtima, realizaram orienta\u00e7\u00f5es sobre os procedimentos legais cab\u00edveis e refor\u00e7aram as medidas de prote\u00e7\u00e3o previstas na legisla\u00e7\u00e3o para casos de viol\u00eancia dom\u00e9stica.<\/p>\n\n\n\n<p class=\"wp-block-paragraph\">O caso ser\u00e1 encaminhado para as autoridades competentes, que dar\u00e3o continuidade \u00e0s investiga\u00e7\u00f5es e \u00e0s provid\u00eancias previstas em lei.<\/p>\n\n\n\n<figure class=\"wp-block-image size-large\"><img loading=\"lazy\" decoding=\"async\" width=\"1024\" height=\"671\" src=\"https:\/\/radiostudiow.com.br\/site\/wp-content\/uploads\/2026\/09\/Nacional-Anuncio-Meia-Pagina-261x171-Credito-2026-PF-Portfolio-Com-Cred.-Imob-1024x671.png\" alt=\"\" class=\"wp-image-53105\" srcset=\"https:\/\/radiostudiow.com.br\/site\/wp-content\/uploads\/2026\/09\/Nacional-Anuncio-Meia-Pagina-261x171-Credito-2026-PF-Portfolio-Com-Cred.-Imob-1024x671.png 1024w, https:\/\/radiostudiow.com.br\/site\/wp-content\/uploads\/2026\/09\/Nacional-Anuncio-Meia-Pagina-261x171-Credito-2026-PF-Portfolio-Com-Cred.-Imob-300x197.png 300w, https:\/\/radiostudiow.com.br\/site\/wp-content\/uploads\/2026\/09\/Nacional-Anuncio-Meia-Pagina-261x171-Credito-2026-PF-Portfolio-Com-Cred.-Imob-768x503.png 768w, https:\/\/radiostudiow.com.br\/site\/wp-content\/uploads\/2026\/09\/Nacional-Anuncio-Meia-Pagina-261x171-Credito-2026-PF-Portfolio-Com-Cred.-Imob-1536x1006.png 1536w, https:\/\/radiostudiow.com.br\/site\/wp-content\/uploads\/2026\/09\/Nacional-Anuncio-Meia-Pagina-261x171-Credito-2026-PF-Portfolio-Com-Cred.-Imob-2048x1342.png 2048w\" sizes=\"auto, (max-width: 1024px) 100vw, 1024px\" \/><\/figure>\n","protected":false},"excerpt":{"rendered":"<p>Uma ocorr\u00eancia de viol\u00eancia dom\u00e9stica mobilizou a Pol\u00edcia Militar na tarde desta quinta-feira dia 03 de setembro, na Vila Veronez, em Rio Azul. De acordo com o boletim da ocorr\u00eancia, a equipe do 2\u00ba Pelot\u00e3o da Pol\u00edcia Militar foi acionada para atender uma den\u00fancia de les\u00e3o corporal contra mulher. No local, a v\u00edtima relatou que [&hellip;]<\/p>\n","protected":false},"author":2,"featured_media":49523,"comment_status":"open","ping_status":"open","sticky":false,"template":"","format":"standard","meta":{"footnotes":""},"categories":[2],"tags":[172],"class_list":["post-53104","post","type-post","status-publish","format-standard","has-post-thumbnail","hentry","category-policial","tag-featured"],"amp_enabled":true,"_links":{"self":[{"href":"https:\/\/radiostudiow.com.br\/site\/wp-json\/wp\/v2\/posts\/53104","targetHints":{"allow":["GET"]}}],"collection":[{"href":"https:\/\/radiostudiow.com.br\/site\/wp-json\/wp\/v2\/posts"}],"about":[{"href":"https:\/\/radiostudiow.com.br\/site\/wp-json\/wp\/v2\/types\/post"}],"author":[{"embeddable":true,"href":"https:\/\/radiostudiow.com.br\/site\/wp-json\/wp\/v2\/users\/2"}],"replies":[{"embeddable":true,"href":"https:\/\/radiostudiow.com.br\/site\/wp-json\/wp\/v2\/comments?post=53104"}],"version-history":[{"count":1,"href":"https:\/\/radiostudiow.com.br\/site\/wp-json\/wp\/v2\/posts\/53104\/revisions"}],"predecessor-version":[{"id":53106,"href":"https:\/\/radiostudiow.com.br\/site\/wp-json\/wp\/v2\/posts\/53104\/revisions\/53106"}],"wp:featuredmedia":[{"embeddable":true,"href":"https:\/\/radiostudiow.com.br\/site\/wp-json\/wp\/v2\/media\/49523"}],"wp:attachment":[{"href":"https:\/\/radiostudiow.com.br\/site\/wp-json\/wp\/v2\/media?parent=53104"}],"wp:term":[{"taxonomy":"category","embeddable":true,"href":"https:\/\/radiostudiow.com.br\/site\/wp-json\/wp\/v2\/categories?post=53104"},{"taxonomy":"post_tag","embeddable":true,"href":"https:\/\/radiostudiow.com.br\/site\/wp-json\/wp\/v2\/tags?post=53104"}],"curies":[{"name":"wp","href":"https:\/\/api.w.org\/{rel}","templated":true}]}}