{"id":5311,"date":"2022-01-14T11:25:23","date_gmt":"2022-01-14T14:25:23","guid":{"rendered":"https:\/\/radiostudiow.com.br\/site\/?p=5311"},"modified":"2025-01-31T15:12:11","modified_gmt":"2025-01-31T18:12:11","slug":"jovem-de-18-anos-que-estava-desaparecido-em-porto-uniao-e-encontrado","status":"publish","type":"post","link":"https:\/\/radiostudiow.com.br\/site\/2022\/01\/14\/jovem-de-18-anos-que-estava-desaparecido-em-porto-uniao-e-encontrado\/","title":{"rendered":"Jovem de 18 anos que estava desaparecido em Porto Uni\u00e3o \u00e9 encontrado"},"content":{"rendered":"\n<p>O jovem de 18 anos, morador de Porto Uni\u00e3o, identificado como Ediel Carvalho de Lima, que estava desaparecido desde a manh\u00e3 de quarta-feira, 12 de janeiro, foi encontrado na manh\u00e3 desta sexta-feira (14).<\/p>\n\n\n\n<p>Ediel tinha sa\u00eddo de casa com uma bicicleta e n\u00e3o deu mais not\u00edcias. Ele sofre de esquizofrenia e, segundo sua fam\u00edlia, faz uso de medica\u00e7\u00e3o controlada. De acordo com informa\u00e7\u00f5es ele foi encontrado no bairro Lagoa Dourada em Uni\u00e3o da Vit\u00f3ria, sendo encaminhado ao Pronto Atendimento de Porto Uni\u00e3o para receber atendimento m\u00e9dico.<\/p>\n\n\n\n<figure class=\"wp-block-image size-large\"><img decoding=\"async\" src=\"https:\/\/radiostudiow.com.br\/site\/wp-content\/uploads\/2021\/12\/231815384_4188224831225875_2309644443555162767_n-1024x389.jpg\" alt=\"\" class=\"wp-image-4767\"\/><\/figure>\n","protected":false},"excerpt":{"rendered":"<p>O jovem de 18 anos, morador de Porto Uni\u00e3o, identificado como Ediel Carvalho de Lima, que estava desaparecido desde a manh\u00e3 de quarta-feira, 12 de janeiro, foi encontrado na manh\u00e3 desta sexta-feira (14). Ediel tinha sa\u00eddo de casa com uma bicicleta e n\u00e3o deu mais not\u00edcias. Ele sofre de esquizofrenia e, segundo sua fam\u00edlia, faz [&hellip;]<\/p>\n","protected":false},"author":2,"featured_media":5279,"comment_status":"open","ping_status":"open","sticky":false,"template":"","format":"standard","meta":{"footnotes":""},"categories":[2],"tags":[172],"class_list":["post-5311","post","type-post","status-publish","format-standard","has-post-thumbnail","hentry","category-policial","tag-featured"],"amp_enabled":true,"_links":{"self":[{"href":"https:\/\/radiostudiow.com.br\/site\/wp-json\/wp\/v2\/posts\/5311","targetHints":{"allow":["GET"]}}],"collection":[{"href":"https:\/\/radiostudiow.com.br\/site\/wp-json\/wp\/v2\/posts"}],"about":[{"href":"https:\/\/radiostudiow.com.br\/site\/wp-json\/wp\/v2\/types\/post"}],"author":[{"embeddable":true,"href":"https:\/\/radiostudiow.com.br\/site\/wp-json\/wp\/v2\/users\/2"}],"replies":[{"embeddable":true,"href":"https:\/\/radiostudiow.com.br\/site\/wp-json\/wp\/v2\/comments?post=5311"}],"version-history":[{"count":1,"href":"https:\/\/radiostudiow.com.br\/site\/wp-json\/wp\/v2\/posts\/5311\/revisions"}],"predecessor-version":[{"id":5312,"href":"https:\/\/radiostudiow.com.br\/site\/wp-json\/wp\/v2\/posts\/5311\/revisions\/5312"}],"wp:featuredmedia":[{"embeddable":true,"href":"https:\/\/radiostudiow.com.br\/site\/wp-json\/wp\/v2\/media\/5279"}],"wp:attachment":[{"href":"https:\/\/radiostudiow.com.br\/site\/wp-json\/wp\/v2\/media?parent=5311"}],"wp:term":[{"taxonomy":"category","embeddable":true,"href":"https:\/\/radiostudiow.com.br\/site\/wp-json\/wp\/v2\/categories?post=5311"},{"taxonomy":"post_tag","embeddable":true,"href":"https:\/\/radiostudiow.com.br\/site\/wp-json\/wp\/v2\/tags?post=5311"}],"curies":[{"name":"wp","href":"https:\/\/api.w.org\/{rel}","templated":true}]}}