{"id":53125,"date":"2026-09-05T11:45:37","date_gmt":"2026-09-05T14:45:37","guid":{"rendered":"https:\/\/radiostudiow.com.br\/site\/?p=53125"},"modified":"2026-09-05T11:45:38","modified_gmt":"2026-09-05T14:45:38","slug":"homem-com-mandado-de-prisao-por-trafico-de-drogas-e-detido-apos-tentativa-de-fuga-em-rio-azul","status":"publish","type":"post","link":"https:\/\/radiostudiow.com.br\/site\/2026\/09\/05\/homem-com-mandado-de-prisao-por-trafico-de-drogas-e-detido-apos-tentativa-de-fuga-em-rio-azul\/","title":{"rendered":"Homem com mandado de pris\u00e3o por tr\u00e1fico de drogas \u00e9 detido ap\u00f3s tentativa de fuga em Rio Azul"},"content":{"rendered":"\n<figure class=\"wp-block-gallery has-nested-images columns-default is-cropped wp-block-gallery-1 is-layout-flex wp-block-gallery-is-layout-flex\">\n<figure class=\"wp-block-image size-large\"><img loading=\"lazy\" decoding=\"async\" width=\"300\" height=\"180\" data-id=\"37219\" src=\"https:\/\/radiostudiow.com.br\/site\/wp-content\/uploads\/2025\/04\/AGRODU.png\" alt=\"\" class=\"wp-image-37219\"\/><\/figure>\n\n\n\n<figure class=\"wp-block-image size-large\"><img loading=\"lazy\" decoding=\"async\" width=\"300\" height=\"180\" data-id=\"38014\" src=\"https:\/\/radiostudiow.com.br\/site\/wp-content\/uploads\/2025\/05\/VANE.png\" alt=\"\" class=\"wp-image-38014\"\/><\/figure>\n<\/figure>\n\n\n\n<p class=\"wp-block-paragraph\">A equipe da Pol\u00edcia Militar de Rio Azul cumpriu um mandado de pris\u00e3o durante patrulhamento nas proximidades da rodovi\u00e1ria, por volta da 01h20 da madrugada desta sexta-feira (04).<\/p>\n\n\n\n<p class=\"wp-block-paragraph\">Segundo a PM, os policiais visualizaram o suspeito em um estabelecimento comercial e constataram que havia contra ele um mandado de pris\u00e3o pelo crime previsto no artigo 33 do C\u00f3digo Penal, relacionado ao tr\u00e1fico de drogas. Ao perceber a aproxima\u00e7\u00e3o da equipe, o homem fugiu a p\u00e9 por aproximadamente quatro quadras, chegando a pular muros de resid\u00eancias na tentativa de escapar da abordagem.<\/p>\n\n\n\n<p class=\"wp-block-paragraph\">Os policiais acompanharam a fuga e localizaram o suspeito escondido nos fundos de um im\u00f3vel, entre arbustos. Conforme o relato da equipe, durante uma nova tentativa de abordagem, ele teria resistido e tentado fugir novamente, sendo contido e algemado.<\/p>\n\n\n\n<p class=\"wp-block-paragraph\">Ap\u00f3s a conten\u00e7\u00e3o, o homem foi encaminhado a uma unidade de sa\u00fade para a retirada dos dardos e a realiza\u00e7\u00e3o de laudo de les\u00f5es corporais. Na sequ\u00eancia, ele foi conduzido \u00e0 carceragem do Departamento de Pol\u00edcia Penal (Depen), em Irati, onde permaneceu \u00e0 disposi\u00e7\u00e3o da Justi\u00e7a para o cumprimento do mandado de pris\u00e3o.<\/p>\n\n\n\n<figure class=\"wp-block-image size-full\"><img loading=\"lazy\" decoding=\"async\" width=\"598\" height=\"204\" src=\"https:\/\/radiostudiow.com.br\/site\/wp-content\/uploads\/2025\/05\/POLAK.png\" alt=\"\" class=\"wp-image-37847\" srcset=\"https:\/\/radiostudiow.com.br\/site\/wp-content\/uploads\/2025\/05\/POLAK.png 598w, https:\/\/radiostudiow.com.br\/site\/wp-content\/uploads\/2025\/05\/POLAK-300x102.png 300w\" sizes=\"auto, (max-width: 598px) 100vw, 598px\" \/><\/figure>\n","protected":false},"excerpt":{"rendered":"<p>A equipe da Pol\u00edcia Militar de Rio Azul cumpriu um mandado de pris\u00e3o durante patrulhamento nas proximidades da rodovi\u00e1ria, por volta da 01h20 da madrugada desta sexta-feira (04). Segundo a PM, os policiais visualizaram o suspeito em um estabelecimento comercial e constataram que havia contra ele um mandado de pris\u00e3o pelo crime previsto no artigo [&hellip;]<\/p>\n","protected":false},"author":2,"featured_media":47655,"comment_status":"open","ping_status":"open","sticky":false,"template":"","format":"standard","meta":{"footnotes":""},"categories":[2],"tags":[172],"class_list":["post-53125","post","type-post","status-publish","format-standard","has-post-thumbnail","hentry","category-policial","tag-featured"],"amp_enabled":true,"_links":{"self":[{"href":"https:\/\/radiostudiow.com.br\/site\/wp-json\/wp\/v2\/posts\/53125","targetHints":{"allow":["GET"]}}],"collection":[{"href":"https:\/\/radiostudiow.com.br\/site\/wp-json\/wp\/v2\/posts"}],"about":[{"href":"https:\/\/radiostudiow.com.br\/site\/wp-json\/wp\/v2\/types\/post"}],"author":[{"embeddable":true,"href":"https:\/\/radiostudiow.com.br\/site\/wp-json\/wp\/v2\/users\/2"}],"replies":[{"embeddable":true,"href":"https:\/\/radiostudiow.com.br\/site\/wp-json\/wp\/v2\/comments?post=53125"}],"version-history":[{"count":1,"href":"https:\/\/radiostudiow.com.br\/site\/wp-json\/wp\/v2\/posts\/53125\/revisions"}],"predecessor-version":[{"id":53126,"href":"https:\/\/radiostudiow.com.br\/site\/wp-json\/wp\/v2\/posts\/53125\/revisions\/53126"}],"wp:featuredmedia":[{"embeddable":true,"href":"https:\/\/radiostudiow.com.br\/site\/wp-json\/wp\/v2\/media\/47655"}],"wp:attachment":[{"href":"https:\/\/radiostudiow.com.br\/site\/wp-json\/wp\/v2\/media?parent=53125"}],"wp:term":[{"taxonomy":"category","embeddable":true,"href":"https:\/\/radiostudiow.com.br\/site\/wp-json\/wp\/v2\/categories?post=53125"},{"taxonomy":"post_tag","embeddable":true,"href":"https:\/\/radiostudiow.com.br\/site\/wp-json\/wp\/v2\/tags?post=53125"}],"curies":[{"name":"wp","href":"https:\/\/api.w.org\/{rel}","templated":true}]}}