{"id":5317,"date":"2022-01-15T10:31:05","date_gmt":"2022-01-15T13:31:05","guid":{"rendered":"https:\/\/radiostudiow.com.br\/site\/?p=5317"},"modified":"2025-01-31T15:12:11","modified_gmt":"2025-01-31T18:12:11","slug":"mulher-e-agredida-em-paulo-frontin","status":"publish","type":"post","link":"https:\/\/radiostudiow.com.br\/site\/2022\/01\/15\/mulher-e-agredida-em-paulo-frontin\/","title":{"rendered":"Mulher \u00e9 agredida em Paulo Frontin"},"content":{"rendered":"\n<p>Uma mulher compareceu ao Pelot\u00e3o da Pol\u00edcia Militar de Paulo Frontin ap\u00f3s ser agredida por volta das 18:15 horas dessa quinta \u2013 feira (13).<\/p>\n\n\n\n<p>A v\u00edtima disse que foi agredida por uma mulher com empurr\u00f5es e socos sem motivos e das agress\u00f5es&nbsp;resultou em fatura no bra\u00e7o direito.<\/p>\n\n\n\n<p>A equipe policial orientou a v\u00edtima \u00e0s provid\u00eancias cab\u00edveis.<\/p>\n\n\n\n<figure class=\"wp-block-image size-large\"><img decoding=\"async\" src=\"https:\/\/radiostudiow.com.br\/site\/wp-content\/uploads\/2021\/12\/231815384_4188224831225875_2309644443555162767_n-1024x389.jpg\" alt=\"\" class=\"wp-image-4767\"\/><\/figure>\n","protected":false},"excerpt":{"rendered":"<p>Uma mulher compareceu ao Pelot\u00e3o da Pol\u00edcia Militar de Paulo Frontin ap\u00f3s ser agredida por volta das 18:15 horas dessa quinta \u2013 feira (13). A v\u00edtima disse que foi agredida por uma mulher com empurr\u00f5es e socos sem motivos e das agress\u00f5es&nbsp;resultou em fatura no bra\u00e7o direito. A equipe policial orientou a v\u00edtima \u00e0s provid\u00eancias [&hellip;]<\/p>\n","protected":false},"author":2,"featured_media":0,"comment_status":"open","ping_status":"open","sticky":false,"template":"","format":"standard","meta":{"footnotes":""},"categories":[2],"tags":[172],"class_list":["post-5317","post","type-post","status-publish","format-standard","hentry","category-policial","tag-featured"],"amp_enabled":true,"_links":{"self":[{"href":"https:\/\/radiostudiow.com.br\/site\/wp-json\/wp\/v2\/posts\/5317","targetHints":{"allow":["GET"]}}],"collection":[{"href":"https:\/\/radiostudiow.com.br\/site\/wp-json\/wp\/v2\/posts"}],"about":[{"href":"https:\/\/radiostudiow.com.br\/site\/wp-json\/wp\/v2\/types\/post"}],"author":[{"embeddable":true,"href":"https:\/\/radiostudiow.com.br\/site\/wp-json\/wp\/v2\/users\/2"}],"replies":[{"embeddable":true,"href":"https:\/\/radiostudiow.com.br\/site\/wp-json\/wp\/v2\/comments?post=5317"}],"version-history":[{"count":1,"href":"https:\/\/radiostudiow.com.br\/site\/wp-json\/wp\/v2\/posts\/5317\/revisions"}],"predecessor-version":[{"id":5318,"href":"https:\/\/radiostudiow.com.br\/site\/wp-json\/wp\/v2\/posts\/5317\/revisions\/5318"}],"wp:attachment":[{"href":"https:\/\/radiostudiow.com.br\/site\/wp-json\/wp\/v2\/media?parent=5317"}],"wp:term":[{"taxonomy":"category","embeddable":true,"href":"https:\/\/radiostudiow.com.br\/site\/wp-json\/wp\/v2\/categories?post=5317"},{"taxonomy":"post_tag","embeddable":true,"href":"https:\/\/radiostudiow.com.br\/site\/wp-json\/wp\/v2\/tags?post=5317"}],"curies":[{"name":"wp","href":"https:\/\/api.w.org\/{rel}","templated":true}]}}