{"id":5355,"date":"2022-01-17T14:38:00","date_gmt":"2022-01-17T17:38:00","guid":{"rendered":"https:\/\/radiostudiow.com.br\/site\/?p=5355"},"modified":"2025-01-31T15:12:10","modified_gmt":"2025-01-31T18:12:10","slug":"jovem-morre-em-estabelecimento-comercial-em-imbituva","status":"publish","type":"post","link":"https:\/\/radiostudiow.com.br\/site\/2022\/01\/17\/jovem-morre-em-estabelecimento-comercial-em-imbituva\/","title":{"rendered":"Jovem morre em estabelecimento comercial em Imbituva"},"content":{"rendered":"\n<p>Um jovem de 19 anos teve morte s\u00fabita ontem (14) em Imbituva. A situa\u00e7\u00e3o foi repassada a Pol\u00edcia Militar, que imediatamente foi ao estabelecimento comercial. No local, socorristas informaram que o rapaz estava em \u00f3bito. Ele foi identificado como Marrone Martins, residente em Santana, munic\u00edpio de Ipiranga.<\/p>\n\n\n\n<p>Na apura\u00e7\u00e3o da ocorr\u00eancia, dois amigos da v\u00edtima informaram que chegaram juntos no estabelecimento e que ap\u00f3s sentarem o jovem caiu no ch\u00e3o e morreu. O propriet\u00e1rio do estabelecimento confirmou o relato feito pelos jovens.<\/p>\n\n\n\n<p>Ap\u00f3s contatos com a Pol\u00edcia Civil e o Instituto M\u00e9dico Legal, o corpo foi liberado e recolhido por uma funer\u00e1ria de Imbituva, na presen\u00e7a de um familiar.<\/p>\n\n\n\n<figure class=\"wp-block-image size-large\"><img decoding=\"async\" src=\"https:\/\/radiostudiow.com.br\/site\/wp-content\/uploads\/2022\/01\/190504470_2926345644306594_6827123088034551019_n-1024x386.jpg\" alt=\"\" class=\"wp-image-5326\"\/><\/figure>\n","protected":false},"excerpt":{"rendered":"<p>Um jovem de 19 anos teve morte s\u00fabita ontem (14) em Imbituva. A situa\u00e7\u00e3o foi repassada a Pol\u00edcia Militar, que imediatamente foi ao estabelecimento comercial. No local, socorristas informaram que o rapaz estava em \u00f3bito. Ele foi identificado como Marrone Martins, residente em Santana, munic\u00edpio de Ipiranga. Na apura\u00e7\u00e3o da ocorr\u00eancia, dois amigos da v\u00edtima [&hellip;]<\/p>\n","protected":false},"author":2,"featured_media":5356,"comment_status":"open","ping_status":"open","sticky":false,"template":"","format":"standard","meta":{"footnotes":""},"categories":[2],"tags":[172],"class_list":["post-5355","post","type-post","status-publish","format-standard","has-post-thumbnail","hentry","category-policial","tag-featured"],"amp_enabled":true,"_links":{"self":[{"href":"https:\/\/radiostudiow.com.br\/site\/wp-json\/wp\/v2\/posts\/5355","targetHints":{"allow":["GET"]}}],"collection":[{"href":"https:\/\/radiostudiow.com.br\/site\/wp-json\/wp\/v2\/posts"}],"about":[{"href":"https:\/\/radiostudiow.com.br\/site\/wp-json\/wp\/v2\/types\/post"}],"author":[{"embeddable":true,"href":"https:\/\/radiostudiow.com.br\/site\/wp-json\/wp\/v2\/users\/2"}],"replies":[{"embeddable":true,"href":"https:\/\/radiostudiow.com.br\/site\/wp-json\/wp\/v2\/comments?post=5355"}],"version-history":[{"count":1,"href":"https:\/\/radiostudiow.com.br\/site\/wp-json\/wp\/v2\/posts\/5355\/revisions"}],"predecessor-version":[{"id":5357,"href":"https:\/\/radiostudiow.com.br\/site\/wp-json\/wp\/v2\/posts\/5355\/revisions\/5357"}],"wp:featuredmedia":[{"embeddable":true,"href":"https:\/\/radiostudiow.com.br\/site\/wp-json\/wp\/v2\/media\/5356"}],"wp:attachment":[{"href":"https:\/\/radiostudiow.com.br\/site\/wp-json\/wp\/v2\/media?parent=5355"}],"wp:term":[{"taxonomy":"category","embeddable":true,"href":"https:\/\/radiostudiow.com.br\/site\/wp-json\/wp\/v2\/categories?post=5355"},{"taxonomy":"post_tag","embeddable":true,"href":"https:\/\/radiostudiow.com.br\/site\/wp-json\/wp\/v2\/tags?post=5355"}],"curies":[{"name":"wp","href":"https:\/\/api.w.org\/{rel}","templated":true}]}}