{"id":5362,"date":"2022-01-17T17:20:37","date_gmt":"2022-01-17T20:20:37","guid":{"rendered":"https:\/\/radiostudiow.com.br\/site\/?p=5362"},"modified":"2025-01-31T15:12:10","modified_gmt":"2025-01-31T18:12:10","slug":"jovem-de-sao-mateus-do-sul-e-encontrado-morto","status":"publish","type":"post","link":"https:\/\/radiostudiow.com.br\/site\/2022\/01\/17\/jovem-de-sao-mateus-do-sul-e-encontrado-morto\/","title":{"rendered":"Jovem de S\u00e3o Mateus do Sul \u00e9 encontrado morto"},"content":{"rendered":"\n<p>Um jovem de 27 anos, natural de S\u00e3o Mateus do Sul, foi encontrado morto nesta segunda-feira, 17 de janeiro, em S\u00e3o Jos\u00e9 dos Pinhais.<\/p>\n\n\n\n<p>O rapaz foi identificado como Daniel de Almeida Martins. A suspeita \u00e9 de que ele tenha cometido suic\u00eddio.<\/p>\n\n\n\n<p>Segundo informa\u00e7\u00f5es de familiares, o corpo ser\u00e1 trasladado para S\u00e3o Mateus do Sul para ser velado e sepultado.<\/p>\n\n\n\n<p>Lamentamos o falecimento do jovem e deseja for\u00e7a aos familiares e amigos.<\/p>\n\n\n\n<figure class=\"wp-block-image size-full\"><img decoding=\"async\" src=\"https:\/\/radiostudiow.com.br\/site\/wp-content\/uploads\/2022\/01\/NUTRI-MALLET.jpg\" alt=\"\" class=\"wp-image-5363\"\/><\/figure>\n","protected":false},"excerpt":{"rendered":"<p>Um jovem de 27 anos, natural de S\u00e3o Mateus do Sul, foi encontrado morto nesta segunda-feira, 17 de janeiro, em S\u00e3o Jos\u00e9 dos Pinhais. O rapaz foi identificado como Daniel de Almeida Martins. A suspeita \u00e9 de que ele tenha cometido suic\u00eddio. Segundo informa\u00e7\u00f5es de familiares, o corpo ser\u00e1 trasladado para S\u00e3o Mateus do Sul [&hellip;]<\/p>\n","protected":false},"author":2,"featured_media":5364,"comment_status":"open","ping_status":"open","sticky":false,"template":"","format":"standard","meta":{"footnotes":""},"categories":[2],"tags":[172],"class_list":["post-5362","post","type-post","status-publish","format-standard","has-post-thumbnail","hentry","category-policial","tag-featured"],"amp_enabled":true,"_links":{"self":[{"href":"https:\/\/radiostudiow.com.br\/site\/wp-json\/wp\/v2\/posts\/5362","targetHints":{"allow":["GET"]}}],"collection":[{"href":"https:\/\/radiostudiow.com.br\/site\/wp-json\/wp\/v2\/posts"}],"about":[{"href":"https:\/\/radiostudiow.com.br\/site\/wp-json\/wp\/v2\/types\/post"}],"author":[{"embeddable":true,"href":"https:\/\/radiostudiow.com.br\/site\/wp-json\/wp\/v2\/users\/2"}],"replies":[{"embeddable":true,"href":"https:\/\/radiostudiow.com.br\/site\/wp-json\/wp\/v2\/comments?post=5362"}],"version-history":[{"count":1,"href":"https:\/\/radiostudiow.com.br\/site\/wp-json\/wp\/v2\/posts\/5362\/revisions"}],"predecessor-version":[{"id":5365,"href":"https:\/\/radiostudiow.com.br\/site\/wp-json\/wp\/v2\/posts\/5362\/revisions\/5365"}],"wp:featuredmedia":[{"embeddable":true,"href":"https:\/\/radiostudiow.com.br\/site\/wp-json\/wp\/v2\/media\/5364"}],"wp:attachment":[{"href":"https:\/\/radiostudiow.com.br\/site\/wp-json\/wp\/v2\/media?parent=5362"}],"wp:term":[{"taxonomy":"category","embeddable":true,"href":"https:\/\/radiostudiow.com.br\/site\/wp-json\/wp\/v2\/categories?post=5362"},{"taxonomy":"post_tag","embeddable":true,"href":"https:\/\/radiostudiow.com.br\/site\/wp-json\/wp\/v2\/tags?post=5362"}],"curies":[{"name":"wp","href":"https:\/\/api.w.org\/{rel}","templated":true}]}}