{"id":5384,"date":"2022-01-18T14:54:57","date_gmt":"2022-01-18T17:54:57","guid":{"rendered":"https:\/\/radiostudiow.com.br\/site\/?p=5384"},"modified":"2025-01-31T15:12:10","modified_gmt":"2025-01-31T18:12:10","slug":"motorista-que-causou-acidente-na-br-476-deve-responder-por-4-crimes-aponta-prf","status":"publish","type":"post","link":"https:\/\/radiostudiow.com.br\/site\/2022\/01\/18\/motorista-que-causou-acidente-na-br-476-deve-responder-por-4-crimes-aponta-prf\/","title":{"rendered":"Motorista que causou acidente na BR-476 deve responder por 4 crimes, aponta PRF"},"content":{"rendered":"\n<p>O motorista que causou o grave acidente na BR-476, no Km 281 na \u00faltima quinta-feira, 13 de janeiro, pr\u00f3ximo \u00e0 entrada da Incepa em S\u00e3o Mateus do Sul, deve responder por pelo menos 4 crimes de tr\u00e2nsito, de acordo com a Pol\u00edcia Rodovi\u00e1ria Federal (PRF).<\/p>\n\n\n\n<p>Segundo informa\u00e7\u00f5es, ap\u00f3s causar o acidente, o suspeito identificado como Jo\u00e3o Eli Macuco dos Santos fugiu do local sem prestar socorro \u00e0s v\u00edtimas, sendo que em seguida, seu pai compareceu ao local do acidente e disse que o rapaz havia apresentado um ferimento na cabe\u00e7a e que estava em casa. Como n\u00e3o estava no local do acidente, ele acabou n\u00e3o sendo preso.<\/p>\n\n\n\n<p>A Pol\u00edcia Rodovi\u00e1ria Federal (PRF), informou quais crimes o homem dever\u00e1 responder:<\/p>\n\n\n\n<ul class=\"wp-block-list\"><li>Homic\u00eddio culposo na dire\u00e7\u00e3o do ve\u00edculo automotor<\/li><li>Deixar o condutor do ve\u00edculo de prestar socorro \u00e0 v\u00edtima de acidente de tr\u00e2nsito<\/li><li>Fuga do local do acidente<\/li><li>Les\u00e3o corporal culposa na dire\u00e7\u00e3o do ve\u00edculo com causa de aumento de pena do artigo 302 do C\u00f3digo de Tr\u00e2nsito Brasileiro (CTB).<\/li><\/ul>\n\n\n\n<figure class=\"wp-block-image size-full\"><img decoding=\"async\" src=\"https:\/\/radiostudiow.com.br\/site\/wp-content\/uploads\/2022\/01\/vem_ai.jpg\" alt=\"\" class=\"wp-image-5323\"\/><\/figure>\n\n\n\n<p><strong>O acidente<\/strong><\/p>\n\n\n\n<p>Na madrugada de quinta-feira (13), tr\u00eas ve\u00edculos e um caminh\u00e3o se envolveram em um grave acidente, na BR-476, Km 281, deixando 7 pessoas feridas e causando a morte de uma pessoa.<\/p>\n\n\n\n<p>A colis\u00e3o envolveu um Fiat\/Uno, uma VW\/Kombi e um Fiat\/Punto, al\u00e9m do caminh\u00e3o. Segundo informa\u00e7\u00f5es, o Fiat\/Uno seguia sentido \u00e0 S\u00e3o Mateus do Sul, quando o Punto que vinha logo atr\u00e1s tentou uma ultrapassagem for\u00e7ada, colidindo na lateral do caminh\u00e3o e em seguida batendo no Uno. Logo em seguida, o Punto rodou na pista e atingiu a Kombi, que vinha atr\u00e1s da carreta.<\/p>\n\n\n\n<p>O acidente deixou 7 pessoas feridas, sendo que uma das v\u00edtimas, identificada como Waldyr de Souza de 29 anos, n\u00e3o apresentou melhoras em seu estado cl\u00ednico e\u00a0precisou ser transferida para o Hospital Regional, em Uni\u00e3o da Vit\u00f3ria. Outra v\u00edtima, identificada como Cl\u00e1udio Michalski de 57 anos,\u00a0acabou falecendo enquanto seguia com o neto, trabalhar em uma colheita.<\/p>\n\n\n\n<figure class=\"wp-block-image size-full\"><img loading=\"lazy\" decoding=\"async\" width=\"1024\" height=\"461\" src=\"https:\/\/radiostudiow.com.br\/site\/wp-content\/uploads\/2022\/01\/WhatsApp-Image-2022-01-13-at-07.08.37-1024x461-1.jpeg\" alt=\"\" class=\"wp-image-5386\" srcset=\"https:\/\/radiostudiow.com.br\/site\/wp-content\/uploads\/2022\/01\/WhatsApp-Image-2022-01-13-at-07.08.37-1024x461-1.jpeg 1024w, https:\/\/radiostudiow.com.br\/site\/wp-content\/uploads\/2022\/01\/WhatsApp-Image-2022-01-13-at-07.08.37-1024x461-1-300x135.jpeg 300w, https:\/\/radiostudiow.com.br\/site\/wp-content\/uploads\/2022\/01\/WhatsApp-Image-2022-01-13-at-07.08.37-1024x461-1-768x346.jpeg 768w\" sizes=\"auto, (max-width: 1024px) 100vw, 1024px\" \/><\/figure>\n","protected":false},"excerpt":{"rendered":"<p>O motorista que causou o grave acidente na BR-476, no Km 281 na \u00faltima quinta-feira, 13 de janeiro, pr\u00f3ximo \u00e0 entrada da Incepa em S\u00e3o Mateus do Sul, deve responder por pelo menos 4 crimes de tr\u00e2nsito, de acordo com a Pol\u00edcia Rodovi\u00e1ria Federal (PRF). Segundo informa\u00e7\u00f5es, ap\u00f3s causar o acidente, o suspeito identificado como [&hellip;]<\/p>\n","protected":false},"author":2,"featured_media":5385,"comment_status":"open","ping_status":"open","sticky":false,"template":"","format":"standard","meta":{"footnotes":""},"categories":[2],"tags":[172],"class_list":["post-5384","post","type-post","status-publish","format-standard","has-post-thumbnail","hentry","category-policial","tag-featured"],"amp_enabled":true,"_links":{"self":[{"href":"https:\/\/radiostudiow.com.br\/site\/wp-json\/wp\/v2\/posts\/5384","targetHints":{"allow":["GET"]}}],"collection":[{"href":"https:\/\/radiostudiow.com.br\/site\/wp-json\/wp\/v2\/posts"}],"about":[{"href":"https:\/\/radiostudiow.com.br\/site\/wp-json\/wp\/v2\/types\/post"}],"author":[{"embeddable":true,"href":"https:\/\/radiostudiow.com.br\/site\/wp-json\/wp\/v2\/users\/2"}],"replies":[{"embeddable":true,"href":"https:\/\/radiostudiow.com.br\/site\/wp-json\/wp\/v2\/comments?post=5384"}],"version-history":[{"count":1,"href":"https:\/\/radiostudiow.com.br\/site\/wp-json\/wp\/v2\/posts\/5384\/revisions"}],"predecessor-version":[{"id":5387,"href":"https:\/\/radiostudiow.com.br\/site\/wp-json\/wp\/v2\/posts\/5384\/revisions\/5387"}],"wp:featuredmedia":[{"embeddable":true,"href":"https:\/\/radiostudiow.com.br\/site\/wp-json\/wp\/v2\/media\/5385"}],"wp:attachment":[{"href":"https:\/\/radiostudiow.com.br\/site\/wp-json\/wp\/v2\/media?parent=5384"}],"wp:term":[{"taxonomy":"category","embeddable":true,"href":"https:\/\/radiostudiow.com.br\/site\/wp-json\/wp\/v2\/categories?post=5384"},{"taxonomy":"post_tag","embeddable":true,"href":"https:\/\/radiostudiow.com.br\/site\/wp-json\/wp\/v2\/tags?post=5384"}],"curies":[{"name":"wp","href":"https:\/\/api.w.org\/{rel}","templated":true}]}}