{"id":5388,"date":"2022-01-18T14:56:37","date_gmt":"2022-01-18T17:56:37","guid":{"rendered":"https:\/\/radiostudiow.com.br\/site\/?p=5388"},"modified":"2025-01-31T15:12:09","modified_gmt":"2025-01-31T18:12:09","slug":"ladroes-furtam-e-abatem-gado-no-interior-de-reboucas","status":"publish","type":"post","link":"https:\/\/radiostudiow.com.br\/site\/2022\/01\/18\/ladroes-furtam-e-abatem-gado-no-interior-de-reboucas\/","title":{"rendered":"Ladr\u00f5es furtam e abatem gado no interior de Rebou\u00e7as"},"content":{"rendered":"\n<p>Uma cabe\u00e7a de gado foi furtada e abatida na comunidade de Cachoeira dos Domingues, interior de Rebou\u00e7as. A propriet\u00e1ria fez o comunicado \u00e0 Pol\u00edcia Militar nesta segunda-feira (17). Segundo ela, o furto ocorreu no \u00faltimo domingo (16), quando foi notada a falta do animal.<\/p>\n\n\n\n<p>A v\u00edtima relatou que junto com alguns familiares realizaram buscas, mas somente localizaram as v\u00edsceras do animal parcialmente enterradas nos fundos de uma propriedade vizinha. A carne foi levada pelos ladr\u00f5es durante a a\u00e7\u00e3o criminosa.<\/p>\n\n\n\n<p>No contato com os policiais, a propriet\u00e1ria informou que tem nomes de alguns poss\u00edveis suspeitos do furto e abate do animal. Foi realizado patrulhamento pela regi\u00e3o, por\u00e9m nenhum suspeito foi encontrado.<\/p>\n\n\n\n<figure class=\"wp-block-image size-full\"><img loading=\"lazy\" decoding=\"async\" width=\"897\" height=\"204\" src=\"https:\/\/radiostudiow.com.br\/site\/wp-content\/uploads\/2022\/01\/SICREDI.jpg\" alt=\"\" class=\"wp-image-5367\" srcset=\"https:\/\/radiostudiow.com.br\/site\/wp-content\/uploads\/2022\/01\/SICREDI.jpg 897w, https:\/\/radiostudiow.com.br\/site\/wp-content\/uploads\/2022\/01\/SICREDI-300x68.jpg 300w, https:\/\/radiostudiow.com.br\/site\/wp-content\/uploads\/2022\/01\/SICREDI-768x175.jpg 768w\" sizes=\"auto, (max-width: 897px) 100vw, 897px\" \/><\/figure>\n","protected":false},"excerpt":{"rendered":"<p>Uma cabe\u00e7a de gado foi furtada e abatida na comunidade de Cachoeira dos Domingues, interior de Rebou\u00e7as. A propriet\u00e1ria fez o comunicado \u00e0 Pol\u00edcia Militar nesta segunda-feira (17). Segundo ela, o furto ocorreu no \u00faltimo domingo (16), quando foi notada a falta do animal. A v\u00edtima relatou que junto com alguns familiares realizaram buscas, mas [&hellip;]<\/p>\n","protected":false},"author":2,"featured_media":5211,"comment_status":"open","ping_status":"open","sticky":false,"template":"","format":"standard","meta":{"footnotes":""},"categories":[2],"tags":[172],"class_list":["post-5388","post","type-post","status-publish","format-standard","has-post-thumbnail","hentry","category-policial","tag-featured"],"amp_enabled":true,"_links":{"self":[{"href":"https:\/\/radiostudiow.com.br\/site\/wp-json\/wp\/v2\/posts\/5388","targetHints":{"allow":["GET"]}}],"collection":[{"href":"https:\/\/radiostudiow.com.br\/site\/wp-json\/wp\/v2\/posts"}],"about":[{"href":"https:\/\/radiostudiow.com.br\/site\/wp-json\/wp\/v2\/types\/post"}],"author":[{"embeddable":true,"href":"https:\/\/radiostudiow.com.br\/site\/wp-json\/wp\/v2\/users\/2"}],"replies":[{"embeddable":true,"href":"https:\/\/radiostudiow.com.br\/site\/wp-json\/wp\/v2\/comments?post=5388"}],"version-history":[{"count":1,"href":"https:\/\/radiostudiow.com.br\/site\/wp-json\/wp\/v2\/posts\/5388\/revisions"}],"predecessor-version":[{"id":5389,"href":"https:\/\/radiostudiow.com.br\/site\/wp-json\/wp\/v2\/posts\/5388\/revisions\/5389"}],"wp:featuredmedia":[{"embeddable":true,"href":"https:\/\/radiostudiow.com.br\/site\/wp-json\/wp\/v2\/media\/5211"}],"wp:attachment":[{"href":"https:\/\/radiostudiow.com.br\/site\/wp-json\/wp\/v2\/media?parent=5388"}],"wp:term":[{"taxonomy":"category","embeddable":true,"href":"https:\/\/radiostudiow.com.br\/site\/wp-json\/wp\/v2\/categories?post=5388"},{"taxonomy":"post_tag","embeddable":true,"href":"https:\/\/radiostudiow.com.br\/site\/wp-json\/wp\/v2\/tags?post=5388"}],"curies":[{"name":"wp","href":"https:\/\/api.w.org\/{rel}","templated":true}]}}