{"id":5401,"date":"2022-01-19T16:11:10","date_gmt":"2022-01-19T19:11:10","guid":{"rendered":"https:\/\/radiostudiow.com.br\/site\/?p=5401"},"modified":"2025-01-31T15:12:09","modified_gmt":"2025-01-31T18:12:09","slug":"ladroes-armados-invadem-chacara-em-general-carneiro","status":"publish","type":"post","link":"https:\/\/radiostudiow.com.br\/site\/2022\/01\/19\/ladroes-armados-invadem-chacara-em-general-carneiro\/","title":{"rendered":"Ladr\u00f5es armados invadem ch\u00e1cara em General Carneiro"},"content":{"rendered":"\n<p>A Pol\u00edcia Militar de General Carneiro estava atendendo a uma ocorr\u00eancia de furto em uma ch\u00e1cara e disparos de arma de fogo na madrugada deste ter\u00e7a-feira, 18 de janeiro, no comunidade de Faxinal dos Santos.<\/p>\n\n\n\n<p>Um homem compareceu ao pelot\u00e3o relatando que foi informado pelo seu vizinho de que sua ch\u00e1cara estava sendo furtado e que os ladr\u00f5es estava efetuando disparos de arma de fogo.<\/p>\n\n\n\n<p>Os policiais se deslocaram at\u00e9 a comunidade e na estrada principal encontrou um homem de posse de uma espingarda. Ele foi abordado e confessou a participa\u00e7\u00e3o no crime, relatando ainda que a a\u00e7\u00e3o contou com a participa\u00e7\u00e3o de outros dois homens.<\/p>\n\n\n\n<p>Na casa alguns objetos foram furtados, sendo que uma furadeira e um aspirador de p\u00f3 foram deixados pelo caminho e recuperados. O homem detido foi conduzido at\u00e9 a delegacia de Uni\u00e3o da Vit\u00f3ria para provid\u00eancias. Os outros suspeitos n\u00e3o foram encontrados.<\/p>\n\n\n\n<figure class=\"wp-block-image size-large\"><img decoding=\"async\" src=\"https:\/\/radiostudiow.com.br\/site\/wp-content\/uploads\/2022\/01\/capa-site-1024x329.png\" alt=\"\" class=\"wp-image-5253\"\/><\/figure>\n","protected":false},"excerpt":{"rendered":"<p>A Pol\u00edcia Militar de General Carneiro estava atendendo a uma ocorr\u00eancia de furto em uma ch\u00e1cara e disparos de arma de fogo na madrugada deste ter\u00e7a-feira, 18 de janeiro, no comunidade de Faxinal dos Santos. Um homem compareceu ao pelot\u00e3o relatando que foi informado pelo seu vizinho de que sua ch\u00e1cara estava sendo furtado e [&hellip;]<\/p>\n","protected":false},"author":2,"featured_media":0,"comment_status":"open","ping_status":"open","sticky":false,"template":"","format":"standard","meta":{"footnotes":""},"categories":[2],"tags":[172],"class_list":["post-5401","post","type-post","status-publish","format-standard","hentry","category-policial","tag-featured"],"amp_enabled":true,"_links":{"self":[{"href":"https:\/\/radiostudiow.com.br\/site\/wp-json\/wp\/v2\/posts\/5401","targetHints":{"allow":["GET"]}}],"collection":[{"href":"https:\/\/radiostudiow.com.br\/site\/wp-json\/wp\/v2\/posts"}],"about":[{"href":"https:\/\/radiostudiow.com.br\/site\/wp-json\/wp\/v2\/types\/post"}],"author":[{"embeddable":true,"href":"https:\/\/radiostudiow.com.br\/site\/wp-json\/wp\/v2\/users\/2"}],"replies":[{"embeddable":true,"href":"https:\/\/radiostudiow.com.br\/site\/wp-json\/wp\/v2\/comments?post=5401"}],"version-history":[{"count":1,"href":"https:\/\/radiostudiow.com.br\/site\/wp-json\/wp\/v2\/posts\/5401\/revisions"}],"predecessor-version":[{"id":5402,"href":"https:\/\/radiostudiow.com.br\/site\/wp-json\/wp\/v2\/posts\/5401\/revisions\/5402"}],"wp:attachment":[{"href":"https:\/\/radiostudiow.com.br\/site\/wp-json\/wp\/v2\/media?parent=5401"}],"wp:term":[{"taxonomy":"category","embeddable":true,"href":"https:\/\/radiostudiow.com.br\/site\/wp-json\/wp\/v2\/categories?post=5401"},{"taxonomy":"post_tag","embeddable":true,"href":"https:\/\/radiostudiow.com.br\/site\/wp-json\/wp\/v2\/tags?post=5401"}],"curies":[{"name":"wp","href":"https:\/\/api.w.org\/{rel}","templated":true}]}}