{"id":5404,"date":"2022-01-20T09:12:38","date_gmt":"2022-01-20T12:12:38","guid":{"rendered":"https:\/\/radiostudiow.com.br\/site\/?p=5404"},"modified":"2025-01-31T15:12:09","modified_gmt":"2025-01-31T18:12:09","slug":"jovem-de-15-anos-e-encontrada-morta-em-palmeira","status":"publish","type":"post","link":"https:\/\/radiostudiow.com.br\/site\/2022\/01\/20\/jovem-de-15-anos-e-encontrada-morta-em-palmeira\/","title":{"rendered":"Jovem de 15 anos \u00e9 encontrada morta em Palmeira"},"content":{"rendered":"\n<p>Uma Jovem de\u00a0 15 anos foi encontrada morta em uma resid\u00eancia na cidade de Palmeira na tarde desta quarta &#8211; feira (19). Ela foi identificada como Maria Eduarda Bernardo da Silva.<\/p>\n\n\n\n<p>O fato ocorreu por volta de 17:30 horas na Rua Cl\u00e1udio Onivaldo Stelle no bairro Papiros, segundo informa\u00e7\u00f5es preliminares\u00a0 do SAMU e do Corpo de Bombeiros.<\/p>\n\n\n\n<p>A jovem teria atentado contra pr\u00f3pria vida\u00a0 cometendo (suic\u00eddio) o Instituto M\u00e9dico Legal\u00a0 esteve no local para recolhimento do corpo e encaminhado at\u00e9 Ponta Grossa para per\u00edcia, e a Pol\u00edcia Civil investiga o caso.<\/p>\n\n\n\n<figure class=\"wp-block-image size-full\"><img decoding=\"async\" src=\"https:\/\/radiostudiow.com.br\/site\/wp-content\/uploads\/2022\/01\/NUTRI-MALLET.jpg\" alt=\"\" class=\"wp-image-5363\"\/><\/figure>\n\n\n\n<p>Foto redes sociais<\/p>\n","protected":false},"excerpt":{"rendered":"<p>Uma Jovem de\u00a0 15 anos foi encontrada morta em uma resid\u00eancia na cidade de Palmeira na tarde desta quarta &#8211; feira (19). Ela foi identificada como Maria Eduarda Bernardo da Silva. O fato ocorreu por volta de 17:30 horas na Rua Cl\u00e1udio Onivaldo Stelle no bairro Papiros, segundo informa\u00e7\u00f5es preliminares\u00a0 do SAMU e do Corpo [&hellip;]<\/p>\n","protected":false},"author":2,"featured_media":5405,"comment_status":"open","ping_status":"open","sticky":false,"template":"","format":"standard","meta":{"footnotes":""},"categories":[2],"tags":[172],"class_list":["post-5404","post","type-post","status-publish","format-standard","has-post-thumbnail","hentry","category-policial","tag-featured"],"amp_enabled":true,"_links":{"self":[{"href":"https:\/\/radiostudiow.com.br\/site\/wp-json\/wp\/v2\/posts\/5404","targetHints":{"allow":["GET"]}}],"collection":[{"href":"https:\/\/radiostudiow.com.br\/site\/wp-json\/wp\/v2\/posts"}],"about":[{"href":"https:\/\/radiostudiow.com.br\/site\/wp-json\/wp\/v2\/types\/post"}],"author":[{"embeddable":true,"href":"https:\/\/radiostudiow.com.br\/site\/wp-json\/wp\/v2\/users\/2"}],"replies":[{"embeddable":true,"href":"https:\/\/radiostudiow.com.br\/site\/wp-json\/wp\/v2\/comments?post=5404"}],"version-history":[{"count":1,"href":"https:\/\/radiostudiow.com.br\/site\/wp-json\/wp\/v2\/posts\/5404\/revisions"}],"predecessor-version":[{"id":5406,"href":"https:\/\/radiostudiow.com.br\/site\/wp-json\/wp\/v2\/posts\/5404\/revisions\/5406"}],"wp:featuredmedia":[{"embeddable":true,"href":"https:\/\/radiostudiow.com.br\/site\/wp-json\/wp\/v2\/media\/5405"}],"wp:attachment":[{"href":"https:\/\/radiostudiow.com.br\/site\/wp-json\/wp\/v2\/media?parent=5404"}],"wp:term":[{"taxonomy":"category","embeddable":true,"href":"https:\/\/radiostudiow.com.br\/site\/wp-json\/wp\/v2\/categories?post=5404"},{"taxonomy":"post_tag","embeddable":true,"href":"https:\/\/radiostudiow.com.br\/site\/wp-json\/wp\/v2\/tags?post=5404"}],"curies":[{"name":"wp","href":"https:\/\/api.w.org\/{rel}","templated":true}]}}