{"id":5414,"date":"2022-01-21T10:44:03","date_gmt":"2022-01-21T13:44:03","guid":{"rendered":"https:\/\/radiostudiow.com.br\/site\/?p=5414"},"modified":"2025-01-31T15:12:09","modified_gmt":"2025-01-31T18:12:09","slug":"fiacao-e-furtada-de-escola-em-bituruna","status":"publish","type":"post","link":"https:\/\/radiostudiow.com.br\/site\/2022\/01\/21\/fiacao-e-furtada-de-escola-em-bituruna\/","title":{"rendered":"Fia\u00e7\u00e3o \u00e9 furtada de Escola em Bituruna"},"content":{"rendered":"\n<p>A Pol\u00edcia Militar da cidade de Bituruna registrou uma ocorr\u00eancia de furto e dano qualificado por volta das 14:30 horas dessa quarta &#8211; feira, 20 de janeiro, o qual ocorreu em uma escola localizada no bairro S\u00e3o Jo\u00e3o entre os dias 10 e 17 de janeiro.<\/p>\n\n\n\n<p>De acordo com informa\u00e7\u00f5es, meliantes invadiram a escola e depredaram uma sala de aula, quebraram dez janelas, duas grades de prote\u00e7\u00e3o, dois arm\u00e1rios e destru\u00edram materiais dos professores e brinquedos de uso pedag\u00f3gicos.<\/p>\n\n\n\n<p>Al\u00e9m disso, durante a a\u00e7\u00e3o os meliantes furtaram toda a fia\u00e7\u00e3o el\u00e9trica de quatro salas. A Pol\u00edcia registrou o boletim de ocorr\u00eancias e orientou a respons\u00e1vel pelo local quanto aos procedimentos cab\u00edveis.<\/p>\n\n\n\n<figure class=\"wp-block-image size-full\"><img decoding=\"async\" src=\"https:\/\/radiostudiow.com.br\/site\/wp-content\/uploads\/2021\/08\/240387432_2992083691066122_4820772207429196742_n.jpg\" alt=\"\" class=\"wp-image-3380\"\/><\/figure>\n","protected":false},"excerpt":{"rendered":"<p>A Pol\u00edcia Militar da cidade de Bituruna registrou uma ocorr\u00eancia de furto e dano qualificado por volta das 14:30 horas dessa quarta &#8211; feira, 20 de janeiro, o qual ocorreu em uma escola localizada no bairro S\u00e3o Jo\u00e3o entre os dias 10 e 17 de janeiro. De acordo com informa\u00e7\u00f5es, meliantes invadiram a escola e [&hellip;]<\/p>\n","protected":false},"author":2,"featured_media":0,"comment_status":"open","ping_status":"open","sticky":false,"template":"","format":"standard","meta":{"footnotes":""},"categories":[2],"tags":[172],"class_list":["post-5414","post","type-post","status-publish","format-standard","hentry","category-policial","tag-featured"],"amp_enabled":true,"_links":{"self":[{"href":"https:\/\/radiostudiow.com.br\/site\/wp-json\/wp\/v2\/posts\/5414","targetHints":{"allow":["GET"]}}],"collection":[{"href":"https:\/\/radiostudiow.com.br\/site\/wp-json\/wp\/v2\/posts"}],"about":[{"href":"https:\/\/radiostudiow.com.br\/site\/wp-json\/wp\/v2\/types\/post"}],"author":[{"embeddable":true,"href":"https:\/\/radiostudiow.com.br\/site\/wp-json\/wp\/v2\/users\/2"}],"replies":[{"embeddable":true,"href":"https:\/\/radiostudiow.com.br\/site\/wp-json\/wp\/v2\/comments?post=5414"}],"version-history":[{"count":1,"href":"https:\/\/radiostudiow.com.br\/site\/wp-json\/wp\/v2\/posts\/5414\/revisions"}],"predecessor-version":[{"id":5415,"href":"https:\/\/radiostudiow.com.br\/site\/wp-json\/wp\/v2\/posts\/5414\/revisions\/5415"}],"wp:attachment":[{"href":"https:\/\/radiostudiow.com.br\/site\/wp-json\/wp\/v2\/media?parent=5414"}],"wp:term":[{"taxonomy":"category","embeddable":true,"href":"https:\/\/radiostudiow.com.br\/site\/wp-json\/wp\/v2\/categories?post=5414"},{"taxonomy":"post_tag","embeddable":true,"href":"https:\/\/radiostudiow.com.br\/site\/wp-json\/wp\/v2\/tags?post=5414"}],"curies":[{"name":"wp","href":"https:\/\/api.w.org\/{rel}","templated":true}]}}