{"id":5427,"date":"2022-01-22T11:12:53","date_gmt":"2022-01-22T14:12:53","guid":{"rendered":"https:\/\/radiostudiow.com.br\/site\/?p=5427"},"modified":"2025-01-31T15:12:08","modified_gmt":"2025-01-31T18:12:08","slug":"pm-de-mallet-e-acionada-apos-cachorro-escapar-e-atacar-um-senhor","status":"publish","type":"post","link":"https:\/\/radiostudiow.com.br\/site\/2022\/01\/22\/pm-de-mallet-e-acionada-apos-cachorro-escapar-e-atacar-um-senhor\/","title":{"rendered":"POL\u00cdCIA MILITAR DE MALLET \u00c9 ACIONADA AP\u00d3S CACHORRO ESCAPAR E ATACAR UM SENHOR"},"content":{"rendered":"\n<p>A equipe da Pol\u00edcia Militar de Mallet foi acionada para verificar uma situa\u00e7\u00e3o de Omiss\u00e3o de Cautela, por volta das 18:00 horas dessa sexta \u2013 feira (22).<\/p>\n\n\n\n<p><br>Os policiais se deslocaram at\u00e9 o local no Bairro Bela Vista, onde segundo o solicitante o cachorro de propriedade de seu vizinho, teria escapado e teria atacado o seu pai.<br>Diante dos relatos, a equipe policial acompanhou a v\u00edtima at\u00e9 o hospital S\u00e3o Pedro, o qual foi atendido pelo m\u00e9dico de plant\u00e3o, apresentando ferimentos leves.<\/p>\n\n\n\n<p><br>A Policia Militar entrou em contato com a dona do animal, a qual se comprometeu arcar com as despesas de medicamentos, e que ir\u00e1 construir um canil para evitar nova fuga do animal.<br>Foi confeccionado o Boletim de Ocorr\u00eancia e o solicitante orientado quanto \u00e0s medidas cab\u00edveis.<\/p>\n\n\n\n<figure class=\"wp-block-image size-large\"><img decoding=\"async\" src=\"https:\/\/radiostudiow.com.br\/site\/wp-content\/uploads\/2022\/01\/capa-site-1024x329.png\" alt=\"\" class=\"wp-image-5253\"\/><\/figure>\n","protected":false},"excerpt":{"rendered":"<p>A equipe da Pol\u00edcia Militar de Mallet foi acionada para verificar uma situa\u00e7\u00e3o de Omiss\u00e3o de Cautela, por volta das 18:00 horas dessa sexta \u2013 feira (22). Os policiais se deslocaram at\u00e9 o local no Bairro Bela Vista, onde segundo o solicitante o cachorro de propriedade de seu vizinho, teria escapado e teria atacado o [&hellip;]<\/p>\n","protected":false},"author":2,"featured_media":0,"comment_status":"open","ping_status":"open","sticky":false,"template":"","format":"standard","meta":{"footnotes":""},"categories":[2],"tags":[172],"class_list":["post-5427","post","type-post","status-publish","format-standard","hentry","category-policial","tag-featured"],"amp_enabled":true,"_links":{"self":[{"href":"https:\/\/radiostudiow.com.br\/site\/wp-json\/wp\/v2\/posts\/5427","targetHints":{"allow":["GET"]}}],"collection":[{"href":"https:\/\/radiostudiow.com.br\/site\/wp-json\/wp\/v2\/posts"}],"about":[{"href":"https:\/\/radiostudiow.com.br\/site\/wp-json\/wp\/v2\/types\/post"}],"author":[{"embeddable":true,"href":"https:\/\/radiostudiow.com.br\/site\/wp-json\/wp\/v2\/users\/2"}],"replies":[{"embeddable":true,"href":"https:\/\/radiostudiow.com.br\/site\/wp-json\/wp\/v2\/comments?post=5427"}],"version-history":[{"count":3,"href":"https:\/\/radiostudiow.com.br\/site\/wp-json\/wp\/v2\/posts\/5427\/revisions"}],"predecessor-version":[{"id":5433,"href":"https:\/\/radiostudiow.com.br\/site\/wp-json\/wp\/v2\/posts\/5427\/revisions\/5433"}],"wp:attachment":[{"href":"https:\/\/radiostudiow.com.br\/site\/wp-json\/wp\/v2\/media?parent=5427"}],"wp:term":[{"taxonomy":"category","embeddable":true,"href":"https:\/\/radiostudiow.com.br\/site\/wp-json\/wp\/v2\/categories?post=5427"},{"taxonomy":"post_tag","embeddable":true,"href":"https:\/\/radiostudiow.com.br\/site\/wp-json\/wp\/v2\/tags?post=5427"}],"curies":[{"name":"wp","href":"https:\/\/api.w.org\/{rel}","templated":true}]}}