{"id":5438,"date":"2022-01-24T11:37:50","date_gmt":"2022-01-24T14:37:50","guid":{"rendered":"https:\/\/radiostudiow.com.br\/site\/?p=5438"},"modified":"2025-01-31T15:12:08","modified_gmt":"2025-01-31T18:12:08","slug":"paula-freitas-anuncia-cancelamento-da-30-festa-da-melancia-e-do-5-rodeio-crioulo-interestadual","status":"publish","type":"post","link":"https:\/\/radiostudiow.com.br\/site\/2022\/01\/24\/paula-freitas-anuncia-cancelamento-da-30-festa-da-melancia-e-do-5-rodeio-crioulo-interestadual\/","title":{"rendered":"PAULA FREITAS ANUNCIA CANCELAMENTO DA 30\u00b0 FESTA DA MELANCIA E DO 5\u00b0 RODEIO CRIOULO INTERESTADUAL"},"content":{"rendered":"\n<p>In\u00fameras cidades que divulgaram festas municipais e at\u00e9 mesmo o carnaval voltaram atr\u00e1s e cancelaram seus eventos devido ao grande n\u00famero de novos casos da Covid-19 nas \u00faltimas semanas.<\/p>\n\n\n\n<p>Al\u00e9m da cidade de Bituruna, a prefeitura de Paula Freitas divulgou nota oficial de cancelamento de grandes eventos no munic\u00edpio.<\/p>\n\n\n\n<p>De acordo com o site de informa\u00e7\u00f5es da R\u00e1dio Colm\u00e9ia de Porto Uni\u00e3o, o prefeito Sebasti\u00e3o Algacir Dalpra, oficializou o cancelamento da 30\u00b0 Festa da Melancia e do 5\u00b0 Rodeio Crioulo Interestadual, que aconteceriam nos dias 04,05 e 06 de fevereiro, para preserva\u00e7\u00e3o da sa\u00fade de todos.<\/p>\n\n\n\n<p>Em nota, a prefeitura justificou que o cancelamento foi devido ao aumento dos casos de Covid-19.<\/p>\n\n\n\n<p>\u201cConsiderando boletim Epidemiol\u00f3gico emitido pela Secretaria de Sa\u00fade municipal, com aumento caso de COVID-19. Sendo assim dever zelar pela Sa\u00fade p\u00fablica da popula\u00e7\u00e3o em raz\u00e3o do aumento repentino dos casos de COVID. O prefeito prioriza a sa\u00fade de todos.\u201d<\/p>\n\n\n\n<p>Informa\u00e7\u00f5es da R\u00e1dio Colmeia de Porto Uni\u00e3o<\/p>\n\n\n\n<figure class=\"wp-block-image size-full\"><img decoding=\"async\" src=\"https:\/\/radiostudiow.com.br\/site\/wp-content\/uploads\/2021\/08\/240387432_2992083691066122_4820772207429196742_n.jpg\" alt=\"\" class=\"wp-image-3380\"\/><\/figure>\n\n\n\n<figure class=\"wp-block-image size-full\"><img decoding=\"async\" src=\"https:\/\/radiostudiow.com.br\/site\/wp-content\/uploads\/2022\/01\/HF-MALLET.jpg\" alt=\"\" class=\"wp-image-5321\"\/><\/figure>\n","protected":false},"excerpt":{"rendered":"<p>In\u00fameras cidades que divulgaram festas municipais e at\u00e9 mesmo o carnaval voltaram atr\u00e1s e cancelaram seus eventos devido ao grande n\u00famero de novos casos da Covid-19 nas \u00faltimas semanas. Al\u00e9m da cidade de Bituruna, a prefeitura de Paula Freitas divulgou nota oficial de cancelamento de grandes eventos no munic\u00edpio. De acordo com o site de [&hellip;]<\/p>\n","protected":false},"author":2,"featured_media":0,"comment_status":"open","ping_status":"open","sticky":false,"template":"","format":"standard","meta":{"footnotes":""},"categories":[7,185],"tags":[172],"class_list":["post-5438","post","type-post","status-publish","format-standard","hentry","category-geral","category-regional","tag-featured"],"amp_enabled":true,"_links":{"self":[{"href":"https:\/\/radiostudiow.com.br\/site\/wp-json\/wp\/v2\/posts\/5438","targetHints":{"allow":["GET"]}}],"collection":[{"href":"https:\/\/radiostudiow.com.br\/site\/wp-json\/wp\/v2\/posts"}],"about":[{"href":"https:\/\/radiostudiow.com.br\/site\/wp-json\/wp\/v2\/types\/post"}],"author":[{"embeddable":true,"href":"https:\/\/radiostudiow.com.br\/site\/wp-json\/wp\/v2\/users\/2"}],"replies":[{"embeddable":true,"href":"https:\/\/radiostudiow.com.br\/site\/wp-json\/wp\/v2\/comments?post=5438"}],"version-history":[{"count":1,"href":"https:\/\/radiostudiow.com.br\/site\/wp-json\/wp\/v2\/posts\/5438\/revisions"}],"predecessor-version":[{"id":5440,"href":"https:\/\/radiostudiow.com.br\/site\/wp-json\/wp\/v2\/posts\/5438\/revisions\/5440"}],"wp:attachment":[{"href":"https:\/\/radiostudiow.com.br\/site\/wp-json\/wp\/v2\/media?parent=5438"}],"wp:term":[{"taxonomy":"category","embeddable":true,"href":"https:\/\/radiostudiow.com.br\/site\/wp-json\/wp\/v2\/categories?post=5438"},{"taxonomy":"post_tag","embeddable":true,"href":"https:\/\/radiostudiow.com.br\/site\/wp-json\/wp\/v2\/tags?post=5438"}],"curies":[{"name":"wp","href":"https:\/\/api.w.org\/{rel}","templated":true}]}}