{"id":5441,"date":"2022-01-24T14:56:52","date_gmt":"2022-01-24T17:56:52","guid":{"rendered":"https:\/\/radiostudiow.com.br\/site\/?p=5441"},"modified":"2025-01-31T15:12:08","modified_gmt":"2025-01-31T18:12:08","slug":"campeonato-municipal-de-futebol-de-campo-de-mallet-ja-tem-os-finalistas","status":"publish","type":"post","link":"https:\/\/radiostudiow.com.br\/site\/2022\/01\/24\/campeonato-municipal-de-futebol-de-campo-de-mallet-ja-tem-os-finalistas\/","title":{"rendered":"CAMPEONATO MUNICIPAL DE FUTEBOL DE CAMPO DE MALLET J\u00c1 TEM OS FINALISTAS"},"content":{"rendered":"\n<p>Neste domingo (23), aconteceu no Est\u00e1dio Municipal Claudionor Machado, as semifinais do Campeonato Malletense de Futebol de campo 2021.<\/p>\n\n\n\n<p>Uma promo\u00e7\u00e3o e realiza\u00e7\u00e3o da Secretaria de Esportes da Prefeitura Municipal de Mallet.<\/p>\n\n\n\n<p>Acompanhe como foram os resultados e como ficaram as decis\u00f5es de 3\u00ba e 1\u00ba lugar.<\/p>\n\n\n\n<p>No primeiro jogo da semifinal&nbsp;<\/p>\n\n\n\n<p>AM\u00c9RICA 03 X 01 PALMEIRINHA<\/p>\n\n\n\n<p>Marcaram pela equipe do Am\u00e9rica.<\/p>\n\n\n\n<p>02 gols Fernando Uniat e 01 gol Darci Cichocki.<\/p>\n\n\n\n<p>Descontaram pela equipe do Palmeirinha<\/p>\n\n\n\n<p>01 gol Joel Bagnhuk<\/p>\n\n\n\n<p>No segundo jogo<\/p>\n\n\n\n<p>MARCELA 01 X 00 SENE<\/p>\n\n\n\n<p>Gol da vit\u00f3ria da equipe da Marcela feito pelo atleta Jos\u00e9 Anderson Ribeiro.<\/p>\n\n\n\n<figure class=\"wp-block-image size-full\"><img loading=\"lazy\" decoding=\"async\" width=\"897\" height=\"204\" src=\"https:\/\/radiostudiow.com.br\/site\/wp-content\/uploads\/2022\/01\/SICREDI.jpg\" alt=\"\" class=\"wp-image-5367\" srcset=\"https:\/\/radiostudiow.com.br\/site\/wp-content\/uploads\/2022\/01\/SICREDI.jpg 897w, https:\/\/radiostudiow.com.br\/site\/wp-content\/uploads\/2022\/01\/SICREDI-300x68.jpg 300w, https:\/\/radiostudiow.com.br\/site\/wp-content\/uploads\/2022\/01\/SICREDI-768x175.jpg 768w\" sizes=\"auto, (max-width: 897px) 100vw, 897px\" \/><\/figure>\n\n\n\n<p>Neste pr\u00f3ximo domingo dia 30 de janeiro, \u00e0s 14:00 horas, acontece a decis\u00e3o do 3\u00ba Lugar entre as equipes:<\/p>\n\n\n\n<p>Palmeirinha X Sene<\/p>\n\n\n\n<p>E na sequ\u00eancia as 16:00 horas acontece o primeiro jogo da final entre as equipes:<\/p>\n\n\n\n<p>Am\u00e9rica X Marcela<\/p>\n\n\n\n<p>Venha participar.<\/p>\n\n\n\n<figure class=\"wp-block-image size-large\"><img decoding=\"async\" src=\"https:\/\/radiostudiow.com.br\/site\/wp-content\/uploads\/2022\/01\/02-1024x576.jpeg\" alt=\"\" class=\"wp-image-5443\"\/><\/figure>\n\n\n\n<figure class=\"wp-block-image size-full\"><img decoding=\"async\" src=\"https:\/\/radiostudiow.com.br\/site\/wp-content\/uploads\/2022\/01\/vem_ai.jpg\" alt=\"\" class=\"wp-image-5323\"\/><\/figure>\n","protected":false},"excerpt":{"rendered":"<p>Neste domingo (23), aconteceu no Est\u00e1dio Municipal Claudionor Machado, as semifinais do Campeonato Malletense de Futebol de campo 2021. Uma promo\u00e7\u00e3o e realiza\u00e7\u00e3o da Secretaria de Esportes da Prefeitura Municipal de Mallet. Acompanhe como foram os resultados e como ficaram as decis\u00f5es de 3\u00ba e 1\u00ba lugar. No primeiro jogo da semifinal&nbsp; AM\u00c9RICA 03 X [&hellip;]<\/p>\n","protected":false},"author":2,"featured_media":5442,"comment_status":"open","ping_status":"open","sticky":false,"template":"","format":"standard","meta":{"footnotes":""},"categories":[7,184],"tags":[172],"class_list":["post-5441","post","type-post","status-publish","format-standard","has-post-thumbnail","hentry","category-geral","category-local","tag-featured"],"amp_enabled":true,"_links":{"self":[{"href":"https:\/\/radiostudiow.com.br\/site\/wp-json\/wp\/v2\/posts\/5441","targetHints":{"allow":["GET"]}}],"collection":[{"href":"https:\/\/radiostudiow.com.br\/site\/wp-json\/wp\/v2\/posts"}],"about":[{"href":"https:\/\/radiostudiow.com.br\/site\/wp-json\/wp\/v2\/types\/post"}],"author":[{"embeddable":true,"href":"https:\/\/radiostudiow.com.br\/site\/wp-json\/wp\/v2\/users\/2"}],"replies":[{"embeddable":true,"href":"https:\/\/radiostudiow.com.br\/site\/wp-json\/wp\/v2\/comments?post=5441"}],"version-history":[{"count":2,"href":"https:\/\/radiostudiow.com.br\/site\/wp-json\/wp\/v2\/posts\/5441\/revisions"}],"predecessor-version":[{"id":5445,"href":"https:\/\/radiostudiow.com.br\/site\/wp-json\/wp\/v2\/posts\/5441\/revisions\/5445"}],"wp:featuredmedia":[{"embeddable":true,"href":"https:\/\/radiostudiow.com.br\/site\/wp-json\/wp\/v2\/media\/5442"}],"wp:attachment":[{"href":"https:\/\/radiostudiow.com.br\/site\/wp-json\/wp\/v2\/media?parent=5441"}],"wp:term":[{"taxonomy":"category","embeddable":true,"href":"https:\/\/radiostudiow.com.br\/site\/wp-json\/wp\/v2\/categories?post=5441"},{"taxonomy":"post_tag","embeddable":true,"href":"https:\/\/radiostudiow.com.br\/site\/wp-json\/wp\/v2\/tags?post=5441"}],"curies":[{"name":"wp","href":"https:\/\/api.w.org\/{rel}","templated":true}]}}