{"id":5447,"date":"2022-01-24T20:06:20","date_gmt":"2022-01-24T23:06:20","guid":{"rendered":"https:\/\/radiostudiow.com.br\/site\/?p=5447"},"modified":"2025-01-31T15:12:08","modified_gmt":"2025-01-31T18:12:08","slug":"avisos-da-paroquia-sagrado-coracao-de-jesus-de-mallet","status":"publish","type":"post","link":"https:\/\/radiostudiow.com.br\/site\/2022\/01\/24\/avisos-da-paroquia-sagrado-coracao-de-jesus-de-mallet\/","title":{"rendered":"AVISOS DA PAR\u00d3QUIA SAGRADO CORA\u00c7\u00c3O DE JESUS DE MALLET"},"content":{"rendered":"\n<p>*S\u00c1BADO DIA 29 DE JANEIRO<\/p>\n\n\n\n<p>Matriz \u00e0s 19h00min &#8211; Divina Liturgia em portugu\u00eas e b\u00ean\u00e7\u00e3o de Velas<\/p>\n\n\n\n<p>*DOMINGO DIA 30 DE JANEIRO<\/p>\n\n\n\n<p>Vera Cruz- \u00e0s 08h00min &#8211; Divina Liturgia e b\u00ean\u00e7\u00e3o de Velas<\/p>\n\n\n\n<p>Matriz \u00e0s 08h30min &#8211; Divina Liturgia e b\u00ean\u00e7\u00e3o de Velas<\/p>\n\n\n\n<p>*QUARTA &#8211; FEIRA DIA 02 DE FEVEREIRO DIA SANTO:<\/p>\n\n\n\n<p>Lajeado \u00e0s 16h00min &#8211; Divina Liturgia e b\u00ean\u00e7\u00e3o de Velas<\/p>\n\n\n\n<p>&nbsp;APRESENTA\u00c7\u00c3O DO SENHOR AO TEMPLO<\/p>\n\n\n\n<p>Matriz \u00e0s 08h00min &#8211; Divina Liturgia e b\u00ean\u00e7\u00e3o de Velas<\/p>\n\n\n\n<p>Col\u00f4nia 5 \u00e0s 09h30min &#8211; Divina Liturgia e b\u00ean\u00e7\u00e3o de Velas<\/p>\n\n\n\n<p>A SECRETARIA PAROQUIAL AVISA QUE NO ESCRIT\u00d3RIO TEM VELAS PARA BENZER.<\/p>\n\n\n\n<p><\/p>\n\n\n\n<figure class=\"wp-block-image size-full\"><img decoding=\"async\" src=\"https:\/\/radiostudiow.com.br\/site\/wp-content\/uploads\/2021\/08\/240387432_2992083691066122_4820772207429196742_n.jpg\" alt=\"\" class=\"wp-image-3380\"\/><\/figure>\n\n\n\n<figure class=\"wp-block-image size-full\"><img loading=\"lazy\" decoding=\"async\" width=\"897\" height=\"204\" src=\"https:\/\/radiostudiow.com.br\/site\/wp-content\/uploads\/2022\/01\/SICREDI.jpg\" alt=\"\" class=\"wp-image-5367\" srcset=\"https:\/\/radiostudiow.com.br\/site\/wp-content\/uploads\/2022\/01\/SICREDI.jpg 897w, https:\/\/radiostudiow.com.br\/site\/wp-content\/uploads\/2022\/01\/SICREDI-300x68.jpg 300w, https:\/\/radiostudiow.com.br\/site\/wp-content\/uploads\/2022\/01\/SICREDI-768x175.jpg 768w\" sizes=\"auto, (max-width: 897px) 100vw, 897px\" \/><\/figure>\n","protected":false},"excerpt":{"rendered":"<p>*S\u00c1BADO DIA 29 DE JANEIRO Matriz \u00e0s 19h00min &#8211; Divina Liturgia em portugu\u00eas e b\u00ean\u00e7\u00e3o de Velas *DOMINGO DIA 30 DE JANEIRO Vera Cruz- \u00e0s 08h00min &#8211; Divina Liturgia e b\u00ean\u00e7\u00e3o de Velas Matriz \u00e0s 08h30min &#8211; Divina Liturgia e b\u00ean\u00e7\u00e3o de Velas *QUARTA &#8211; FEIRA DIA 02 DE FEVEREIRO DIA SANTO: Lajeado \u00e0s 16h00min [&hellip;]<\/p>\n","protected":false},"author":2,"featured_media":5448,"comment_status":"open","ping_status":"open","sticky":false,"template":"","format":"standard","meta":{"footnotes":""},"categories":[7,184],"tags":[172],"class_list":["post-5447","post","type-post","status-publish","format-standard","has-post-thumbnail","hentry","category-geral","category-local","tag-featured"],"amp_enabled":true,"_links":{"self":[{"href":"https:\/\/radiostudiow.com.br\/site\/wp-json\/wp\/v2\/posts\/5447","targetHints":{"allow":["GET"]}}],"collection":[{"href":"https:\/\/radiostudiow.com.br\/site\/wp-json\/wp\/v2\/posts"}],"about":[{"href":"https:\/\/radiostudiow.com.br\/site\/wp-json\/wp\/v2\/types\/post"}],"author":[{"embeddable":true,"href":"https:\/\/radiostudiow.com.br\/site\/wp-json\/wp\/v2\/users\/2"}],"replies":[{"embeddable":true,"href":"https:\/\/radiostudiow.com.br\/site\/wp-json\/wp\/v2\/comments?post=5447"}],"version-history":[{"count":1,"href":"https:\/\/radiostudiow.com.br\/site\/wp-json\/wp\/v2\/posts\/5447\/revisions"}],"predecessor-version":[{"id":5449,"href":"https:\/\/radiostudiow.com.br\/site\/wp-json\/wp\/v2\/posts\/5447\/revisions\/5449"}],"wp:featuredmedia":[{"embeddable":true,"href":"https:\/\/radiostudiow.com.br\/site\/wp-json\/wp\/v2\/media\/5448"}],"wp:attachment":[{"href":"https:\/\/radiostudiow.com.br\/site\/wp-json\/wp\/v2\/media?parent=5447"}],"wp:term":[{"taxonomy":"category","embeddable":true,"href":"https:\/\/radiostudiow.com.br\/site\/wp-json\/wp\/v2\/categories?post=5447"},{"taxonomy":"post_tag","embeddable":true,"href":"https:\/\/radiostudiow.com.br\/site\/wp-json\/wp\/v2\/tags?post=5447"}],"curies":[{"name":"wp","href":"https:\/\/api.w.org\/{rel}","templated":true}]}}