{"id":545,"date":"2021-02-21T11:50:10","date_gmt":"2021-02-21T11:50:10","guid":{"rendered":"https:\/\/radiostudiow.com.br\/site\/?p=545"},"modified":"2021-02-21T11:51:17","modified_gmt":"2021-02-21T11:51:17","slug":"adolescente-esta-desaparecida-em-uniao-da-vitoria","status":"publish","type":"post","link":"https:\/\/radiostudiow.com.br\/site\/2021\/02\/21\/adolescente-esta-desaparecida-em-uniao-da-vitoria\/","title":{"rendered":"Adolescente esta desaparecida em Uni\u00e3o da Vit\u00f3ria"},"content":{"rendered":"\n<p><br>O pai de Pamela Eduarda Silveira Gon\u00e7alves de 16 anos de idade, registrou Boletim de Desaparecimento da adolescente na tarde deste s\u00e1bado (20) na 4\u00aaSubdivis\u00e3o Policial de Uni\u00e3o da Vit\u00f3ria.<br>Segundo o boletim, a adolescente saiu de casa por volta das 22h30min desta sexta-feira (19), levando consigo algumas pe\u00e7as de roupas, cal\u00e7ados, prancha, secador e maquiagens<br>Qualquer informa\u00e7\u00e3o sobre o paradeiro da adolescente, comunique as autoridades policiais.<br><strong>Pol\u00edcia Militar: 190<br>Pol\u00edcia Civil: (42) 3521-3500<\/strong><\/p>\n\n\n\n<p><\/p>\n","protected":false},"excerpt":{"rendered":"<p>O pai de Pamela Eduarda Silveira Gon\u00e7alves de 16 anos de idade, registrou Boletim de Desaparecimento da adolescente na tarde deste s\u00e1bado (20) na 4\u00aaSubdivis\u00e3o Policial de Uni\u00e3o da Vit\u00f3ria.Segundo o boletim, a adolescente saiu de casa por volta das 22h30min desta sexta-feira (19), levando consigo algumas pe\u00e7as de roupas, cal\u00e7ados, prancha, secador e maquiagensQualquer [&hellip;]<\/p>\n","protected":false},"author":2,"featured_media":0,"comment_status":"open","ping_status":"open","sticky":false,"template":"","format":"standard","meta":{"footnotes":""},"categories":[2],"tags":[172],"class_list":["post-545","post","type-post","status-publish","format-standard","hentry","category-policial","tag-featured"],"amp_enabled":true,"_links":{"self":[{"href":"https:\/\/radiostudiow.com.br\/site\/wp-json\/wp\/v2\/posts\/545","targetHints":{"allow":["GET"]}}],"collection":[{"href":"https:\/\/radiostudiow.com.br\/site\/wp-json\/wp\/v2\/posts"}],"about":[{"href":"https:\/\/radiostudiow.com.br\/site\/wp-json\/wp\/v2\/types\/post"}],"author":[{"embeddable":true,"href":"https:\/\/radiostudiow.com.br\/site\/wp-json\/wp\/v2\/users\/2"}],"replies":[{"embeddable":true,"href":"https:\/\/radiostudiow.com.br\/site\/wp-json\/wp\/v2\/comments?post=545"}],"version-history":[{"count":1,"href":"https:\/\/radiostudiow.com.br\/site\/wp-json\/wp\/v2\/posts\/545\/revisions"}],"predecessor-version":[{"id":547,"href":"https:\/\/radiostudiow.com.br\/site\/wp-json\/wp\/v2\/posts\/545\/revisions\/547"}],"wp:attachment":[{"href":"https:\/\/radiostudiow.com.br\/site\/wp-json\/wp\/v2\/media?parent=545"}],"wp:term":[{"taxonomy":"category","embeddable":true,"href":"https:\/\/radiostudiow.com.br\/site\/wp-json\/wp\/v2\/categories?post=545"},{"taxonomy":"post_tag","embeddable":true,"href":"https:\/\/radiostudiow.com.br\/site\/wp-json\/wp\/v2\/tags?post=545"}],"curies":[{"name":"wp","href":"https:\/\/api.w.org\/{rel}","templated":true}]}}