{"id":5451,"date":"2022-01-25T09:58:00","date_gmt":"2022-01-25T12:58:00","guid":{"rendered":"https:\/\/radiostudiow.com.br\/site\/?p=5451"},"modified":"2025-01-31T15:12:08","modified_gmt":"2025-01-31T18:12:08","slug":"volta-a-aumentar-os-casos-de-covid-19-na-cidade-de-mallet-24-01-2022","status":"publish","type":"post","link":"https:\/\/radiostudiow.com.br\/site\/2022\/01\/25\/volta-a-aumentar-os-casos-de-covid-19-na-cidade-de-mallet-24-01-2022\/","title":{"rendered":"VOLTA A AUMENTAR OS CASOS DE COVID-19 NA CIDADE DE MALLET &#8211; (24\/01\/2022)"},"content":{"rendered":"\n<p class=\"has-medium-font-size\">Na noite desta segunda-feira, dia 24 de janeiro, o Setor Epidemiol\u00f3gico do munic\u00edpio de Mallet, divulgou o Boletim Covid, mostrando os resultados das \u00faltimas 48 horas.<\/p>\n\n\n\n<p class=\"has-medium-font-size\">De acordo com a enfermeira Franciely Kovalski, os dados registrados mostram um aumento significativo no n\u00famero de infectados.<\/p>\n\n\n\n<p class=\"has-medium-font-size\">Em apenas dois dias, 52 pessoas apresentaram resultado positivo ao v\u00edrus e outras 23 aguardam o resultado.<\/p>\n\n\n\n<p class=\"has-medium-font-size\">No \u00faltimo relat\u00f3rio divulgado na sexta-feira dia 21 de janeiro, informava que 53 pessoas estavam infectadas e em apenas tr\u00eas dias o relat\u00f3rio mostra um aumento de 122 % nos casos.<\/p>\n\n\n\n<p class=\"has-medium-font-size\">O n\u00famero de internados pelo v\u00edrus se manteve est\u00e1vel, apresentando apenas duas pessoas sendo acompanhadas.<\/p>\n\n\n\n<p class=\"has-medium-font-size\">A nossa reportagem perguntou se houve mudan\u00e7as na divulga\u00e7\u00e3o dos boletins que antes era di\u00e1rio e a enfermeira respons\u00e1vel pela epidemiologia, explicou que a demanda de trabalho aumentou principalmente com o afastamento de alguns profissionais da sa\u00fade, impossibilitando a divulga\u00e7\u00e3o dos dados no mesmo dia. \u201cInfelizmente estamos com o n\u00famero de profissionais da \u00e1rea da sa\u00fade reduzidos, devido \u00e0s f\u00e9rias de alguns servidores, o afastamento de enfermeiros que se infectaram com o v\u00edrus e at\u00e9 m\u00e9dicos que passam por problemas de sa\u00fade na fam\u00edlia, com isso agravou o atendimento dificultando o processo de preenchimento das planilhas e com isso a divulga\u00e7\u00e3o se tornou um pouco mais demorada\u201d, explicou Franciely \u00e0 Studio W.<\/p>\n\n\n\n<p class=\"has-medium-font-size\">Acompanhe todos os n\u00fameros do Boletim Covid-19 da cidade de Mallet.<\/p>\n\n\n\n<div class=\"wp-block-image\"><figure class=\"aligncenter size-full\"><img decoding=\"async\" src=\"https:\/\/radiostudiow.com.br\/site\/wp-content\/uploads\/2022\/01\/NUTRI-MALLET.jpg\" alt=\"\" class=\"wp-image-5363\"\/><\/figure><\/div>\n\n\n\n<p><span style=\"color:#ffffff\" class=\"has-inline-color\">.<\/span><\/p>\n\n\n\n<div class=\"wp-block-image\"><figure class=\"aligncenter size-large\"><img decoding=\"async\" src=\"https:\/\/radiostudiow.com.br\/site\/wp-content\/uploads\/2022\/01\/CASOS_MALLET_CORONAVIRUS_23_01_22-650x1024.jpg\" alt=\"\" class=\"wp-image-5452\"\/><\/figure><\/div>\n\n\n\n<p><span style=\"color:#ffffff\" class=\"has-inline-color\">.<\/span><\/p>\n\n\n\n<div class=\"wp-block-image\"><figure class=\"aligncenter size-full is-resized\"><img loading=\"lazy\" decoding=\"async\" src=\"https:\/\/radiostudiow.com.br\/site\/wp-content\/uploads\/2022\/01\/02.png\" alt=\"\" class=\"wp-image-5456\" width=\"515\" height=\"515\"\/><\/figure><\/div>\n","protected":false},"excerpt":{"rendered":"<p>Na noite desta segunda-feira, dia 24 de janeiro, o Setor Epidemiol\u00f3gico do munic\u00edpio de Mallet, divulgou o Boletim Covid, mostrando os resultados das \u00faltimas 48 horas. De acordo com a enfermeira Franciely Kovalski, os dados registrados mostram um aumento significativo no n\u00famero de infectados. Em apenas dois dias, 52 pessoas apresentaram resultado positivo ao v\u00edrus [&hellip;]<\/p>\n","protected":false},"author":2,"featured_media":0,"comment_status":"open","ping_status":"open","sticky":false,"template":"","format":"standard","meta":{"footnotes":""},"categories":[184,182],"tags":[172],"class_list":["post-5451","post","type-post","status-publish","format-standard","hentry","category-local","category-saude","tag-featured"],"amp_enabled":true,"_links":{"self":[{"href":"https:\/\/radiostudiow.com.br\/site\/wp-json\/wp\/v2\/posts\/5451","targetHints":{"allow":["GET"]}}],"collection":[{"href":"https:\/\/radiostudiow.com.br\/site\/wp-json\/wp\/v2\/posts"}],"about":[{"href":"https:\/\/radiostudiow.com.br\/site\/wp-json\/wp\/v2\/types\/post"}],"author":[{"embeddable":true,"href":"https:\/\/radiostudiow.com.br\/site\/wp-json\/wp\/v2\/users\/2"}],"replies":[{"embeddable":true,"href":"https:\/\/radiostudiow.com.br\/site\/wp-json\/wp\/v2\/comments?post=5451"}],"version-history":[{"count":8,"href":"https:\/\/radiostudiow.com.br\/site\/wp-json\/wp\/v2\/posts\/5451\/revisions"}],"predecessor-version":[{"id":5464,"href":"https:\/\/radiostudiow.com.br\/site\/wp-json\/wp\/v2\/posts\/5451\/revisions\/5464"}],"wp:attachment":[{"href":"https:\/\/radiostudiow.com.br\/site\/wp-json\/wp\/v2\/media?parent=5451"}],"wp:term":[{"taxonomy":"category","embeddable":true,"href":"https:\/\/radiostudiow.com.br\/site\/wp-json\/wp\/v2\/categories?post=5451"},{"taxonomy":"post_tag","embeddable":true,"href":"https:\/\/radiostudiow.com.br\/site\/wp-json\/wp\/v2\/tags?post=5451"}],"curies":[{"name":"wp","href":"https:\/\/api.w.org\/{rel}","templated":true}]}}