{"id":5465,"date":"2022-01-25T15:12:40","date_gmt":"2022-01-25T18:12:40","guid":{"rendered":"https:\/\/radiostudiow.com.br\/site\/?p=5465"},"modified":"2025-01-31T15:12:08","modified_gmt":"2025-01-31T18:12:08","slug":"policia-militar-de-mallet-e-acionada-para-verificar-festa-com-som-alto-em-uma-residencia-no-jardim-emilia","status":"publish","type":"post","link":"https:\/\/radiostudiow.com.br\/site\/2022\/01\/25\/policia-militar-de-mallet-e-acionada-para-verificar-festa-com-som-alto-em-uma-residencia-no-jardim-emilia\/","title":{"rendered":"POL\u00cdCIA MILITAR DE MALLET \u00c9 ACIONADA PARA VERIFICAR FESTA COM SOM ALTO EM UMA RESID\u00caNCIA NO JARDIM EM\u00cdLIA."},"content":{"rendered":"\n<p>A Pol\u00edcia Militar de Mallet foi acionada no in\u00edcio desta semana por volta da 01:00 hora da madrugada para comparecer no Jardim Em\u00edlia, onde estaria ocorrendo uma confraterniza\u00e7\u00e3o com familiares e muito barulho, conversa e m\u00fasica alta.<\/p>\n\n\n\n<p>Os policiais orientaram para baixar o som e seguir as normas.<\/p>\n\n\n\n<p>O vizinho ao lado saiu para verificar a viatura e a a\u00e7\u00e3o policial, onde em seguida come\u00e7ou a ser perturbado e hostilizado pela fam\u00edlia.<\/p>\n\n\n\n<p>A equipe policial indagou o senhor sobre o interesse de representar criminalmente, mas ele respondeu que n\u00e3o teria interesse.<\/p>\n\n\n\n<p>Ambos foram orientados quanto aos procedimentos.<\/p>\n\n\n\n<figure class=\"wp-block-image size-full\"><img decoding=\"async\" src=\"https:\/\/radiostudiow.com.br\/site\/wp-content\/uploads\/2022\/01\/vem_ai.jpg\" alt=\"\" class=\"wp-image-5323\"\/><\/figure>\n\n\n\n<figure class=\"wp-block-image size-full\"><img loading=\"lazy\" decoding=\"async\" width=\"897\" height=\"204\" src=\"https:\/\/radiostudiow.com.br\/site\/wp-content\/uploads\/2022\/01\/SICREDI.jpg\" alt=\"\" class=\"wp-image-5367\" srcset=\"https:\/\/radiostudiow.com.br\/site\/wp-content\/uploads\/2022\/01\/SICREDI.jpg 897w, https:\/\/radiostudiow.com.br\/site\/wp-content\/uploads\/2022\/01\/SICREDI-300x68.jpg 300w, https:\/\/radiostudiow.com.br\/site\/wp-content\/uploads\/2022\/01\/SICREDI-768x175.jpg 768w\" sizes=\"auto, (max-width: 897px) 100vw, 897px\" \/><\/figure>\n\n\n\n<p><\/p>\n","protected":false},"excerpt":{"rendered":"<p>A Pol\u00edcia Militar de Mallet foi acionada no in\u00edcio desta semana por volta da 01:00 hora da madrugada para comparecer no Jardim Em\u00edlia, onde estaria ocorrendo uma confraterniza\u00e7\u00e3o com familiares e muito barulho, conversa e m\u00fasica alta. Os policiais orientaram para baixar o som e seguir as normas. O vizinho ao lado saiu para verificar [&hellip;]<\/p>\n","protected":false},"author":2,"featured_media":5466,"comment_status":"open","ping_status":"open","sticky":false,"template":"","format":"standard","meta":{"footnotes":""},"categories":[184,2],"tags":[172],"class_list":["post-5465","post","type-post","status-publish","format-standard","has-post-thumbnail","hentry","category-local","category-policial","tag-featured"],"amp_enabled":true,"_links":{"self":[{"href":"https:\/\/radiostudiow.com.br\/site\/wp-json\/wp\/v2\/posts\/5465","targetHints":{"allow":["GET"]}}],"collection":[{"href":"https:\/\/radiostudiow.com.br\/site\/wp-json\/wp\/v2\/posts"}],"about":[{"href":"https:\/\/radiostudiow.com.br\/site\/wp-json\/wp\/v2\/types\/post"}],"author":[{"embeddable":true,"href":"https:\/\/radiostudiow.com.br\/site\/wp-json\/wp\/v2\/users\/2"}],"replies":[{"embeddable":true,"href":"https:\/\/radiostudiow.com.br\/site\/wp-json\/wp\/v2\/comments?post=5465"}],"version-history":[{"count":1,"href":"https:\/\/radiostudiow.com.br\/site\/wp-json\/wp\/v2\/posts\/5465\/revisions"}],"predecessor-version":[{"id":5467,"href":"https:\/\/radiostudiow.com.br\/site\/wp-json\/wp\/v2\/posts\/5465\/revisions\/5467"}],"wp:featuredmedia":[{"embeddable":true,"href":"https:\/\/radiostudiow.com.br\/site\/wp-json\/wp\/v2\/media\/5466"}],"wp:attachment":[{"href":"https:\/\/radiostudiow.com.br\/site\/wp-json\/wp\/v2\/media?parent=5465"}],"wp:term":[{"taxonomy":"category","embeddable":true,"href":"https:\/\/radiostudiow.com.br\/site\/wp-json\/wp\/v2\/categories?post=5465"},{"taxonomy":"post_tag","embeddable":true,"href":"https:\/\/radiostudiow.com.br\/site\/wp-json\/wp\/v2\/tags?post=5465"}],"curies":[{"name":"wp","href":"https:\/\/api.w.org\/{rel}","templated":true}]}}