{"id":5468,"date":"2022-01-25T15:15:52","date_gmt":"2022-01-25T18:15:52","guid":{"rendered":"https:\/\/radiostudiow.com.br\/site\/?p=5468"},"modified":"2025-01-31T15:12:08","modified_gmt":"2025-01-31T18:12:08","slug":"sogra-atinge-genro-com-uma-faca-apos-ser-ameacada-por-ele-com-um-pedaco-madeira-o-fato-ocorreu-na-vila-maria-em-mallet","status":"publish","type":"post","link":"https:\/\/radiostudiow.com.br\/site\/2022\/01\/25\/sogra-atinge-genro-com-uma-faca-apos-ser-ameacada-por-ele-com-um-pedaco-madeira-o-fato-ocorreu-na-vila-maria-em-mallet\/","title":{"rendered":"SOGRA ATINGE GENRO COM UMA FACA AP\u00d3S SER AMEA\u00c7ADA POR ELE COM UM PEDA\u00c7O DE MADEIRA. O FATO OCORREU NA VILA MARIA EM MALLET."},"content":{"rendered":"\n<p>A equipe da Pol\u00edcia Militar de Mallet, foi acionada nesta segunda-feira (24), por volta das 14:00 horas, para atender uma situa\u00e7\u00e3o de amea\u00e7a na Vila Maria.<\/p>\n\n\n\n<p>&nbsp;No local a solicitante relatou que teria sido amea\u00e7ada por sua filha e seu genro que moram no mesmo terreno.<\/p>\n\n\n\n<p>Ao ser questionada se teria interesse de representar criminalmente, a solicitante afirmou que gostaria apenas que o casal fosse morar em um outro local.<\/p>\n\n\n\n<p>Sendo assim entraram em acordo de que ap\u00f3s alguns dias eles se mudariam.&nbsp;<\/p>\n\n\n\n<figure class=\"wp-block-image size-full\"><img decoding=\"async\" src=\"https:\/\/radiostudiow.com.br\/site\/wp-content\/uploads\/2022\/01\/HF-MALLET.jpg\" alt=\"\" class=\"wp-image-5321\"\/><\/figure>\n\n\n\n<p>&nbsp;A equipe confeccionou boletim de ocorr\u00eancia, orientou as partes e deslocou para o destacamento policial.&nbsp;<\/p>\n\n\n\n<p>De acordo com informa\u00e7\u00f5es da PM, ao chegar ao Pelot\u00e3o, os policiais receberam nova liga\u00e7\u00e3o referente \u00e0 mesma situa\u00e7\u00e3o e que no local haveria um masculino ferido por uma faca.<\/p>\n\n\n\n<p>&nbsp;A equipe retornou e encontrou um masculino com ferimentos na m\u00e3o, desferido pela sua sogra, a qual relatou que utilizou a arma para se defender do masculino que estava com um peda\u00e7o de madeira e teria vindo lhe atingir na cabe\u00e7a.&nbsp;<\/p>\n\n\n\n<p>Diante dos fatos as partes foram encaminhadas at\u00e9 a delegacia para as provid\u00eancias cab\u00edveis.<\/p>\n\n\n\n<figure class=\"wp-block-image size-full\"><img decoding=\"async\" src=\"https:\/\/radiostudiow.com.br\/site\/wp-content\/uploads\/2021\/08\/240387432_2992083691066122_4820772207429196742_n.jpg\" alt=\"\" class=\"wp-image-3380\"\/><\/figure>\n","protected":false},"excerpt":{"rendered":"<p>A equipe da Pol\u00edcia Militar de Mallet, foi acionada nesta segunda-feira (24), por volta das 14:00 horas, para atender uma situa\u00e7\u00e3o de amea\u00e7a na Vila Maria. &nbsp;No local a solicitante relatou que teria sido amea\u00e7ada por sua filha e seu genro que moram no mesmo terreno. Ao ser questionada se teria interesse de representar criminalmente, [&hellip;]<\/p>\n","protected":false},"author":2,"featured_media":0,"comment_status":"open","ping_status":"open","sticky":false,"template":"","format":"standard","meta":{"footnotes":""},"categories":[184,2],"tags":[172],"class_list":["post-5468","post","type-post","status-publish","format-standard","hentry","category-local","category-policial","tag-featured"],"amp_enabled":true,"_links":{"self":[{"href":"https:\/\/radiostudiow.com.br\/site\/wp-json\/wp\/v2\/posts\/5468","targetHints":{"allow":["GET"]}}],"collection":[{"href":"https:\/\/radiostudiow.com.br\/site\/wp-json\/wp\/v2\/posts"}],"about":[{"href":"https:\/\/radiostudiow.com.br\/site\/wp-json\/wp\/v2\/types\/post"}],"author":[{"embeddable":true,"href":"https:\/\/radiostudiow.com.br\/site\/wp-json\/wp\/v2\/users\/2"}],"replies":[{"embeddable":true,"href":"https:\/\/radiostudiow.com.br\/site\/wp-json\/wp\/v2\/comments?post=5468"}],"version-history":[{"count":2,"href":"https:\/\/radiostudiow.com.br\/site\/wp-json\/wp\/v2\/posts\/5468\/revisions"}],"predecessor-version":[{"id":5470,"href":"https:\/\/radiostudiow.com.br\/site\/wp-json\/wp\/v2\/posts\/5468\/revisions\/5470"}],"wp:attachment":[{"href":"https:\/\/radiostudiow.com.br\/site\/wp-json\/wp\/v2\/media?parent=5468"}],"wp:term":[{"taxonomy":"category","embeddable":true,"href":"https:\/\/radiostudiow.com.br\/site\/wp-json\/wp\/v2\/categories?post=5468"},{"taxonomy":"post_tag","embeddable":true,"href":"https:\/\/radiostudiow.com.br\/site\/wp-json\/wp\/v2\/tags?post=5468"}],"curies":[{"name":"wp","href":"https:\/\/api.w.org\/{rel}","templated":true}]}}