{"id":548,"date":"2021-02-22T11:33:57","date_gmt":"2021-02-22T11:33:57","guid":{"rendered":"https:\/\/radiostudiow.com.br\/site\/?p=548"},"modified":"2021-02-22T11:33:58","modified_gmt":"2021-02-22T11:33:58","slug":"acidente-com-trator-deixa-um-idoso-em-obito-no-interior-de-antonio-olinto","status":"publish","type":"post","link":"https:\/\/radiostudiow.com.br\/site\/2021\/02\/22\/acidente-com-trator-deixa-um-idoso-em-obito-no-interior-de-antonio-olinto\/","title":{"rendered":"Acidente com trator deixa um idoso em \u00f3bito no interior de Ant\u00f4nio Olinto"},"content":{"rendered":"\n<p><br>A Pol\u00edcia Militar compareceu at\u00e9 a localidade de Lavador, Ant\u00f4nio Olinto, para prestar atendimento a uma ocorr\u00eancia de \u00f3bito na tarde de sexta-feira (19). Em contato com Nelson Moreira de Paula, ele informou que estava trabalhando com seu pai Benedito Domingues de Paula, de 80 anos, sendo que o idoso come\u00e7ou a queixar-se de falta de ar e vis\u00e3o turva.<\/p>\n\n\n\n<p>Eles seguiram o caminho at\u00e9 a casa para almo\u00e7ar. Nelson conduzia o trator com o reboque carregado com lenha, e o pai Benedito estava em p\u00e9 entre o trator e o reboque. Em determinado momento, Nelson olhou para atr\u00e1s e viu que seu pai n\u00e3o estava mais em p\u00e9 no local. Ele havia percorrido cerca de 150 metros com o trator, quando olhou para tr\u00e1s e viu seu pai ca\u00eddo a cerca de 10 metros do ponto de embarque. Benedito ainda estava com vida e apresentava les\u00f5es pelo corpo, causadas pela roda do ve\u00edculo.<\/p>\n\n\n\n<p>Nelson pediu socorro aos familiares que com a ajuda de um ve\u00edculo colocaram a v\u00edtima no banco do passageiro. Quando chegaram pr\u00f3ximo a resid\u00eancia perceberam que ele j\u00e1 encontrava-se sem vida. Os familiares o retiraram do carro e colocaram em cima de um colch\u00e3o do lado de fora da casa, com um len\u00e7ol cobrindo o corpo.<\/p>\n\n\n\n<p>A Pol\u00edcia foi acionada bem como um m\u00e9dico plantonista de Ant\u00f4nio Olinto para atestar a morte do idoso. Por se tratar de um acidente, uma investigadora da Pol\u00edcia Civil foi at\u00e9 o local para registrar em imagens o ocorrido.<\/p>\n","protected":false},"excerpt":{"rendered":"<p>A Pol\u00edcia Militar compareceu at\u00e9 a localidade de Lavador, Ant\u00f4nio Olinto, para prestar atendimento a uma ocorr\u00eancia de \u00f3bito na tarde de sexta-feira (19). Em contato com Nelson Moreira de Paula, ele informou que estava trabalhando com seu pai Benedito Domingues de Paula, de 80 anos, sendo que o idoso come\u00e7ou a queixar-se de falta [&hellip;]<\/p>\n","protected":false},"author":2,"featured_media":0,"comment_status":"open","ping_status":"open","sticky":false,"template":"","format":"standard","meta":{"footnotes":""},"categories":[2],"tags":[],"class_list":["post-548","post","type-post","status-publish","format-standard","hentry","category-policial"],"amp_enabled":true,"_links":{"self":[{"href":"https:\/\/radiostudiow.com.br\/site\/wp-json\/wp\/v2\/posts\/548","targetHints":{"allow":["GET"]}}],"collection":[{"href":"https:\/\/radiostudiow.com.br\/site\/wp-json\/wp\/v2\/posts"}],"about":[{"href":"https:\/\/radiostudiow.com.br\/site\/wp-json\/wp\/v2\/types\/post"}],"author":[{"embeddable":true,"href":"https:\/\/radiostudiow.com.br\/site\/wp-json\/wp\/v2\/users\/2"}],"replies":[{"embeddable":true,"href":"https:\/\/radiostudiow.com.br\/site\/wp-json\/wp\/v2\/comments?post=548"}],"version-history":[{"count":1,"href":"https:\/\/radiostudiow.com.br\/site\/wp-json\/wp\/v2\/posts\/548\/revisions"}],"predecessor-version":[{"id":550,"href":"https:\/\/radiostudiow.com.br\/site\/wp-json\/wp\/v2\/posts\/548\/revisions\/550"}],"wp:attachment":[{"href":"https:\/\/radiostudiow.com.br\/site\/wp-json\/wp\/v2\/media?parent=548"}],"wp:term":[{"taxonomy":"category","embeddable":true,"href":"https:\/\/radiostudiow.com.br\/site\/wp-json\/wp\/v2\/categories?post=548"},{"taxonomy":"post_tag","embeddable":true,"href":"https:\/\/radiostudiow.com.br\/site\/wp-json\/wp\/v2\/tags?post=548"}],"curies":[{"name":"wp","href":"https:\/\/api.w.org\/{rel}","templated":true}]}}