{"id":5486,"date":"2022-01-26T10:33:49","date_gmt":"2022-01-26T13:33:49","guid":{"rendered":"https:\/\/radiostudiow.com.br\/site\/?p=5486"},"modified":"2022-01-26T10:33:51","modified_gmt":"2022-01-26T13:33:51","slug":"batida-frontal-entre-carro-e-uma-carreta-em-fluviopolis-deixa-um-morto","status":"publish","type":"post","link":"https:\/\/radiostudiow.com.br\/site\/2022\/01\/26\/batida-frontal-entre-carro-e-uma-carreta-em-fluviopolis-deixa-um-morto\/","title":{"rendered":"BATIDA FRONTAL ENTRE CARRO E UMA CARRETA EM FLUVI\u00d3POLIS DEIXA UM MORTO"},"content":{"rendered":"\n<p>Nas primeiras horas da manh\u00e3 desta quarta-feira (26), um acidente grave tirou a vida de um motorista que trafegava pela BR 476 km 306, na localidade de Fluvi\u00f3polis, S\u00e3o Mateus do Sul, regi\u00e3o de divisa com o munic\u00edpio de Mallet.<\/p>\n\n\n\n<p>O Corpo de Bombeiros e a Pol\u00edcia Rodovi\u00e1ria Federal (PRF) estiveram nesse acidente que envolveu um GM\/Prisma, de cor preta, com placas de Porto Uni\u00e3o (carro de aplicativo) e uma carreta Mercedes Benz, com placas de Santa Catarina.<\/p>\n\n\n\n<p>Segundo o Portal RDX, uma pessoa que estava no autom\u00f3vel entrou em \u00f3bito. O motorista da carreta identificado como Lindomar Joel Mineiro recusou atendimento m\u00e9dico.<\/p>\n\n\n\n<p>As equipes aguardam a chegada do Instituto M\u00e9dico Legal (IML) de Uni\u00e3o da Vit\u00f3ria para fazer a retirada do corpo e a identifica\u00e7\u00e3o da v\u00edtima.<\/p>\n\n\n\n<figure class=\"wp-block-image size-full\"><img decoding=\"async\" src=\"https:\/\/radiostudiow.com.br\/site\/wp-content\/uploads\/2022\/01\/NUTRI-MALLET.jpg\" alt=\"\" class=\"wp-image-5363\"\/><\/figure>\n\n\n\n<figure class=\"wp-block-gallery has-nested-images columns-1 wp-block-gallery-1 is-layout-flex wp-block-gallery-is-layout-flex\">\n<figure class=\"wp-block-image size-large\"><img decoding=\"async\" data-id=\"5489\" src=\"https:\/\/radiostudiow.com.br\/site\/wp-content\/uploads\/2022\/01\/01-2.jpeg\" alt=\"\" class=\"wp-image-5489\"\/><\/figure>\n\n\n\n<figure class=\"wp-block-image size-large\"><img decoding=\"async\" data-id=\"5490\" src=\"https:\/\/radiostudiow.com.br\/site\/wp-content\/uploads\/2022\/01\/02-1.jpg\" alt=\"\" class=\"wp-image-5490\"\/><\/figure>\n<\/figure>\n\n\n\n<p>Foto: Corpo de Bombeiros\/Divulga\u00e7\u00e3o.<\/p>\n\n\n\n<p>PORTAL RDX<\/p>\n\n\n\n<figure class=\"wp-block-image size-full\"><img decoding=\"async\" src=\"https:\/\/radiostudiow.com.br\/site\/wp-content\/uploads\/2021\/08\/240387432_2992083691066122_4820772207429196742_n.jpg\" alt=\"\" class=\"wp-image-3380\"\/><\/figure>\n","protected":false},"excerpt":{"rendered":"<p>Nas primeiras horas da manh\u00e3 desta quarta-feira (26), um acidente grave tirou a vida de um motorista que trafegava pela BR 476 km 306, na localidade de Fluvi\u00f3polis, S\u00e3o Mateus do Sul, regi\u00e3o de divisa com o munic\u00edpio de Mallet. O Corpo de Bombeiros e a Pol\u00edcia Rodovi\u00e1ria Federal (PRF) estiveram nesse acidente que envolveu [&hellip;]<\/p>\n","protected":false},"author":2,"featured_media":5488,"comment_status":"open","ping_status":"open","sticky":false,"template":"","format":"standard","meta":{"footnotes":""},"categories":[185],"tags":[172],"class_list":["post-5486","post","type-post","status-publish","format-standard","has-post-thumbnail","hentry","category-regional","tag-featured"],"amp_enabled":true,"_links":{"self":[{"href":"https:\/\/radiostudiow.com.br\/site\/wp-json\/wp\/v2\/posts\/5486","targetHints":{"allow":["GET"]}}],"collection":[{"href":"https:\/\/radiostudiow.com.br\/site\/wp-json\/wp\/v2\/posts"}],"about":[{"href":"https:\/\/radiostudiow.com.br\/site\/wp-json\/wp\/v2\/types\/post"}],"author":[{"embeddable":true,"href":"https:\/\/radiostudiow.com.br\/site\/wp-json\/wp\/v2\/users\/2"}],"replies":[{"embeddable":true,"href":"https:\/\/radiostudiow.com.br\/site\/wp-json\/wp\/v2\/comments?post=5486"}],"version-history":[{"count":1,"href":"https:\/\/radiostudiow.com.br\/site\/wp-json\/wp\/v2\/posts\/5486\/revisions"}],"predecessor-version":[{"id":5491,"href":"https:\/\/radiostudiow.com.br\/site\/wp-json\/wp\/v2\/posts\/5486\/revisions\/5491"}],"wp:featuredmedia":[{"embeddable":true,"href":"https:\/\/radiostudiow.com.br\/site\/wp-json\/wp\/v2\/media\/5488"}],"wp:attachment":[{"href":"https:\/\/radiostudiow.com.br\/site\/wp-json\/wp\/v2\/media?parent=5486"}],"wp:term":[{"taxonomy":"category","embeddable":true,"href":"https:\/\/radiostudiow.com.br\/site\/wp-json\/wp\/v2\/categories?post=5486"},{"taxonomy":"post_tag","embeddable":true,"href":"https:\/\/radiostudiow.com.br\/site\/wp-json\/wp\/v2\/tags?post=5486"}],"curies":[{"name":"wp","href":"https:\/\/api.w.org\/{rel}","templated":true}]}}