{"id":551,"date":"2021-02-22T11:35:35","date_gmt":"2021-02-22T11:35:35","guid":{"rendered":"https:\/\/radiostudiow.com.br\/site\/?p=551"},"modified":"2021-02-22T11:35:36","modified_gmt":"2021-02-22T11:35:36","slug":"para-policia-civil-houve-quebra-de-contrato-na-suspensao-do-concurso-publico","status":"publish","type":"post","link":"https:\/\/radiostudiow.com.br\/site\/2021\/02\/22\/para-policia-civil-houve-quebra-de-contrato-na-suspensao-do-concurso-publico\/","title":{"rendered":"Para Pol\u00edcia Civil houve quebra de contrato na suspens\u00e3o do concurso p\u00fablico"},"content":{"rendered":"\n<p>O delegado-geral da Pol\u00edcia Civil do Paran\u00e1 (PCPR), Silvio Jacob Rockembach, informou neste domingo (21) que o Governo do Estado do Paran\u00e1 buscar\u00e1 repara\u00e7\u00e3o dos danos causados e responsabiliza\u00e7\u00e3o dos respons\u00e1veis pela suspens\u00e3o do processo seletivo para delegados, investigadores e papiloscopistas. As provas aconteceriam neste domingo e a suspens\u00e3o foi comunicada oficialmente pelo N\u00facleo de Concursos da Universidade Federal do Paran\u00e1 (NC-UFPR), contratado para organizar o concurso, \u00e0s 5h42, poucas horas antes do in\u00edcio da aplica\u00e7\u00e3o.<\/p>\n\n\n\n<p>Em nota p\u00fablica, emitida ainda na parte da manh\u00e3, a Pol\u00edcia Civil informou que encaminhou of\u00edcio ao NC-UFPR requisitando os motivos que levaram ao cancelamento. At\u00e9 o in\u00edcio da tarde, n\u00e3o havia recebido resposta.<\/p>\n\n\n\n<p>Agora o governo deve entrar com processo administrativo por quebra de contrato contra o NC-UFPR. Al\u00e9m de indeniza\u00e7\u00e3o no limite da Lei 8666\/93, o processo poder\u00e1 acarretar tamb\u00e9m o impedimento do n\u00facleo de contratar com o Governo do Estado do Paran\u00e1 por dois anos.<\/p>\n\n\n\n<p>O governador Carlos Massa Ratinho Junior afirmou em suas redes sociais que essa \u00e9 uma situa\u00e7\u00e3o inaceit\u00e1vel. \u201cConcursandos de todo o pa\u00eds se deslocaram para Curitiba e regi\u00e3o para realizar o concurso. N\u00e3o compactuamos com esse desrespeito\u201d.<\/p>\n\n\n\n<p><strong>SUSPENS\u00c3O DAS PROVAS<\/strong><\/p>\n\n\n\n<p>O delegado-geral refor\u00e7ou que a decis\u00e3o do NC-UFPR foi unilateral e surpreendeu a Pol\u00edcia Civil. \u201cFicamos sabendo da suspens\u00e3o junto com toda a sociedade, a partir do comunicado publicado pela UFPR. Mantivemos contato constante, desde novembro, e a resposta sempre era de que tudo corria dentro do planejado para a realiza\u00e7\u00e3o do concurso. Ainda ontem \u00e0 tarde estive pessoalmente com os respons\u00e1veis do N\u00facleo de Concursos e n\u00e3o houve qualquer comunicado sobre eventuais problemas para realiza\u00e7\u00e3o das provas\u201d, salientou. Mas garantiu que o concurso ser\u00e1 realizado em nova data, ainda que seja preciso contratar outra banca. \u201cTemos a necessidade de contrata\u00e7\u00e3o de pessoal para a Pol\u00edcia Civil e esse concurso ser\u00e1 realizado assim que poss\u00edvel\u201d, disse.<\/p>\n\n\n\n<p>O comunicado da suspens\u00e3o das avalia\u00e7\u00f5es foi publicado pelo NC-UFPR no final da madrugada deste domingo, e a alega\u00e7\u00e3o foi de &#8220;aus\u00eancia de requisitos indispens\u00e1veis de seguran\u00e7a para a aplica\u00e7\u00e3o das provas&#8221;, o que colocaria em risco a integridade das avalia\u00e7\u00f5es e a sa\u00fade dos envolvidos na realiza\u00e7\u00e3o do concurso. Por\u00e9m, o delegado-geral da PCPR destacou que era de responsabilidade do pr\u00f3prio N\u00facleo de Concursos assegurar tais medidas.<\/p>\n\n\n\n<p>\u201cSe havia falhas, deveriam ter relatado a situa\u00e7\u00e3o, de forma transparente, ainda que o concurso precisasse ser adiado. Por\u00e9m, isso teria de ser feito com a anteced\u00eancia necess\u00e1ria para que os candidatos fossem avisados e n\u00e3o fossem prejudicados\u201d, disse Rockembach. \u201cT\u00ednhamos a garantia, inclusive por escrito, que o NC-UFPR estava totalmente preparado e em condi\u00e7\u00f5es de preparar as provas. Agora estamos apurando quais foram as falhas alegadas por eles\u201d, complementou.<\/p>\n\n\n\n<p>Segundo o edital do concurso, \u201ca data de realiza\u00e7\u00e3o de qualquer uma das fases ou etapas que comp\u00f5em o Concurso P\u00fablico poder\u00e1 ser alterada, ou as provas serem reaplicadas em outra data, na ocorr\u00eancia de fato que inviabilize sua realiza\u00e7\u00e3o ou que implique a sua anula\u00e7\u00e3o, como, por exemplo, decorrentes de medidas de preven\u00e7\u00e3o estabelecidas pelo Minist\u00e9rio da Sa\u00fade para o enfrentamento da emerg\u00eancia de sa\u00fade p\u00fablica decorrente do Covid-19 (coronav\u00edrus). Nesse caso, o NC\/UFPR convocar\u00e1 os candidatos por meio de Edital espec\u00edfico para outra data com anteced\u00eancia de 72 (setenta e duas) horas.\u201d<\/p>\n","protected":false},"excerpt":{"rendered":"<p>O delegado-geral da Pol\u00edcia Civil do Paran\u00e1 (PCPR), Silvio Jacob Rockembach, informou neste domingo (21) que o Governo do Estado do Paran\u00e1 buscar\u00e1 repara\u00e7\u00e3o dos danos causados e responsabiliza\u00e7\u00e3o dos respons\u00e1veis pela suspens\u00e3o do processo seletivo para delegados, investigadores e papiloscopistas. As provas aconteceriam neste domingo e a suspens\u00e3o foi comunicada oficialmente pelo N\u00facleo de [&hellip;]<\/p>\n","protected":false},"author":2,"featured_media":0,"comment_status":"open","ping_status":"open","sticky":false,"template":"","format":"standard","meta":{"footnotes":""},"categories":[7],"tags":[],"class_list":["post-551","post","type-post","status-publish","format-standard","hentry","category-geral"],"amp_enabled":true,"_links":{"self":[{"href":"https:\/\/radiostudiow.com.br\/site\/wp-json\/wp\/v2\/posts\/551","targetHints":{"allow":["GET"]}}],"collection":[{"href":"https:\/\/radiostudiow.com.br\/site\/wp-json\/wp\/v2\/posts"}],"about":[{"href":"https:\/\/radiostudiow.com.br\/site\/wp-json\/wp\/v2\/types\/post"}],"author":[{"embeddable":true,"href":"https:\/\/radiostudiow.com.br\/site\/wp-json\/wp\/v2\/users\/2"}],"replies":[{"embeddable":true,"href":"https:\/\/radiostudiow.com.br\/site\/wp-json\/wp\/v2\/comments?post=551"}],"version-history":[{"count":1,"href":"https:\/\/radiostudiow.com.br\/site\/wp-json\/wp\/v2\/posts\/551\/revisions"}],"predecessor-version":[{"id":553,"href":"https:\/\/radiostudiow.com.br\/site\/wp-json\/wp\/v2\/posts\/551\/revisions\/553"}],"wp:attachment":[{"href":"https:\/\/radiostudiow.com.br\/site\/wp-json\/wp\/v2\/media?parent=551"}],"wp:term":[{"taxonomy":"category","embeddable":true,"href":"https:\/\/radiostudiow.com.br\/site\/wp-json\/wp\/v2\/categories?post=551"},{"taxonomy":"post_tag","embeddable":true,"href":"https:\/\/radiostudiow.com.br\/site\/wp-json\/wp\/v2\/tags?post=551"}],"curies":[{"name":"wp","href":"https:\/\/api.w.org\/{rel}","templated":true}]}}