{"id":558,"date":"2021-02-22T12:47:14","date_gmt":"2021-02-22T12:47:14","guid":{"rendered":"https:\/\/radiostudiow.com.br\/site\/?p=558"},"modified":"2021-02-22T12:47:15","modified_gmt":"2021-02-22T12:47:15","slug":"homem-e-encontrado-morto-no-interior-de-cruz-machado","status":"publish","type":"post","link":"https:\/\/radiostudiow.com.br\/site\/2021\/02\/22\/homem-e-encontrado-morto-no-interior-de-cruz-machado\/","title":{"rendered":"Homem \u00e9 encontrado morto no interior de Cruz Machado"},"content":{"rendered":"\n<p>Um homem foi encontrado morto durante a manh\u00e3 deste domingo, dia 21 de fevereiro, na localidade da Linha Vit\u00f3ria, no interior da cidade de Cruz Machado. A informa\u00e7\u00e3o foi confirmada pela Pol\u00edcia Militar<\/p>\n\n\n\n<p>Segundo as primeiras informa\u00e7\u00f5es levantadas pela reportagem do Canal 4 TV, o homem foi encontrado ca\u00eddo j\u00e1 sem vida em frente a Igreja da comunidade. O corpo estava pr\u00f3ximo de uma motocicleta e de um capacete que estava jogado no ch\u00e3o.<\/p>\n\n\n\n<p>O Instituto M\u00e9dico Legal \u2013 IML de Uni\u00e3o da Vit\u00f3ria j\u00e1 foi acionado para recolher o corpo. A Pol\u00edcia Civil tamb\u00e9m foi acionada para verificar a situa\u00e7\u00e3o e dar in\u00edcio nas investiga\u00e7\u00f5es. N\u00e3o h\u00e1 informa\u00e7\u00f5es precisas sobre a causa da morte, entretanto, o cen\u00e1rio no local indica que a morte pode se tratar de um crime, j\u00e1 que testemunhas relataram que havia marcas de pauladas na regi\u00e3o da cabe\u00e7a.<\/p>\n","protected":false},"excerpt":{"rendered":"<p>Um homem foi encontrado morto durante a manh\u00e3 deste domingo, dia 21 de fevereiro, na localidade da Linha Vit\u00f3ria, no interior da cidade de Cruz Machado. A informa\u00e7\u00e3o foi confirmada pela Pol\u00edcia Militar Segundo as primeiras informa\u00e7\u00f5es levantadas pela reportagem do Canal 4 TV, o homem foi encontrado ca\u00eddo j\u00e1 sem vida em frente a [&hellip;]<\/p>\n","protected":false},"author":2,"featured_media":0,"comment_status":"open","ping_status":"open","sticky":false,"template":"","format":"standard","meta":{"footnotes":""},"categories":[2],"tags":[],"class_list":["post-558","post","type-post","status-publish","format-standard","hentry","category-policial"],"amp_enabled":true,"_links":{"self":[{"href":"https:\/\/radiostudiow.com.br\/site\/wp-json\/wp\/v2\/posts\/558","targetHints":{"allow":["GET"]}}],"collection":[{"href":"https:\/\/radiostudiow.com.br\/site\/wp-json\/wp\/v2\/posts"}],"about":[{"href":"https:\/\/radiostudiow.com.br\/site\/wp-json\/wp\/v2\/types\/post"}],"author":[{"embeddable":true,"href":"https:\/\/radiostudiow.com.br\/site\/wp-json\/wp\/v2\/users\/2"}],"replies":[{"embeddable":true,"href":"https:\/\/radiostudiow.com.br\/site\/wp-json\/wp\/v2\/comments?post=558"}],"version-history":[{"count":1,"href":"https:\/\/radiostudiow.com.br\/site\/wp-json\/wp\/v2\/posts\/558\/revisions"}],"predecessor-version":[{"id":560,"href":"https:\/\/radiostudiow.com.br\/site\/wp-json\/wp\/v2\/posts\/558\/revisions\/560"}],"wp:attachment":[{"href":"https:\/\/radiostudiow.com.br\/site\/wp-json\/wp\/v2\/media?parent=558"}],"wp:term":[{"taxonomy":"category","embeddable":true,"href":"https:\/\/radiostudiow.com.br\/site\/wp-json\/wp\/v2\/categories?post=558"},{"taxonomy":"post_tag","embeddable":true,"href":"https:\/\/radiostudiow.com.br\/site\/wp-json\/wp\/v2\/tags?post=558"}],"curies":[{"name":"wp","href":"https:\/\/api.w.org\/{rel}","templated":true}]}}