{"id":596,"date":"2021-02-23T10:27:02","date_gmt":"2021-02-23T10:27:02","guid":{"rendered":"https:\/\/radiostudiow.com.br\/site\/?p=596"},"modified":"2021-02-23T10:27:02","modified_gmt":"2021-02-23T10:27:02","slug":"briga-entre-irmao-termina-com-um-esfaqueado-em-sao-mateus-do-sul","status":"publish","type":"post","link":"https:\/\/radiostudiow.com.br\/site\/2021\/02\/23\/briga-entre-irmao-termina-com-um-esfaqueado-em-sao-mateus-do-sul\/","title":{"rendered":"BRIGA ENTRE IRM\u00c3O TERMINA COM UM ESFAQUEADO EM S\u00c3O MATEUS DO SUL"},"content":{"rendered":"\n<p><br>Por volta das 18:45 horas do domingo, 21 de Fevereiro, a Pol\u00edcia Militar foi acionada via COPOM para atender uma situa\u00e7\u00e3o de les\u00e3o corporal com faca entre irm\u00e3os que estariam no pronto atendimento municipal.<br>No local os policiais conversaram com a m\u00e3e dos envolvido, a qual relatou que seus filhos estavam em casa quando foi avisada que um deles havia desferido golpes de faca contra o outro irm\u00e3o<br>Sendo que ambos s\u00e3o menores de idade, autor com 11 anos e a vitima com 15 anos. Foi desferido tr\u00eas facadas, duas na barriga e uma na perna esquerda, resultando apenas em um corte superficial, sem gravidade.<br>A m\u00e3e relatou para a equipe que o autor sofre de D\u00e9ficit de Aten\u00e7\u00e3o e faz tratamento com uma m\u00e9dica neurologista e que j\u00e1 havia marcado uma reuni\u00e3o com o conselho tutelar para a pr\u00f3xima semana.<br>No local compareceram os conselheiros que assumiram a ocorr\u00eancia. O menor autor n\u00e3o estava no local.<br><\/p>\n","protected":false},"excerpt":{"rendered":"<p>Por volta das 18:45 horas do domingo, 21 de Fevereiro, a Pol\u00edcia Militar foi acionada via COPOM para atender uma situa\u00e7\u00e3o de les\u00e3o corporal com faca entre irm\u00e3os que estariam no pronto atendimento municipal.No local os policiais conversaram com a m\u00e3e dos envolvido, a qual relatou que seus filhos estavam em casa quando foi avisada [&hellip;]<\/p>\n","protected":false},"author":2,"featured_media":597,"comment_status":"open","ping_status":"open","sticky":false,"template":"","format":"standard","meta":{"footnotes":""},"categories":[2],"tags":[],"class_list":["post-596","post","type-post","status-publish","format-standard","has-post-thumbnail","hentry","category-policial"],"amp_enabled":true,"_links":{"self":[{"href":"https:\/\/radiostudiow.com.br\/site\/wp-json\/wp\/v2\/posts\/596","targetHints":{"allow":["GET"]}}],"collection":[{"href":"https:\/\/radiostudiow.com.br\/site\/wp-json\/wp\/v2\/posts"}],"about":[{"href":"https:\/\/radiostudiow.com.br\/site\/wp-json\/wp\/v2\/types\/post"}],"author":[{"embeddable":true,"href":"https:\/\/radiostudiow.com.br\/site\/wp-json\/wp\/v2\/users\/2"}],"replies":[{"embeddable":true,"href":"https:\/\/radiostudiow.com.br\/site\/wp-json\/wp\/v2\/comments?post=596"}],"version-history":[{"count":1,"href":"https:\/\/radiostudiow.com.br\/site\/wp-json\/wp\/v2\/posts\/596\/revisions"}],"predecessor-version":[{"id":598,"href":"https:\/\/radiostudiow.com.br\/site\/wp-json\/wp\/v2\/posts\/596\/revisions\/598"}],"wp:featuredmedia":[{"embeddable":true,"href":"https:\/\/radiostudiow.com.br\/site\/wp-json\/wp\/v2\/media\/597"}],"wp:attachment":[{"href":"https:\/\/radiostudiow.com.br\/site\/wp-json\/wp\/v2\/media?parent=596"}],"wp:term":[{"taxonomy":"category","embeddable":true,"href":"https:\/\/radiostudiow.com.br\/site\/wp-json\/wp\/v2\/categories?post=596"},{"taxonomy":"post_tag","embeddable":true,"href":"https:\/\/radiostudiow.com.br\/site\/wp-json\/wp\/v2\/tags?post=596"}],"curies":[{"name":"wp","href":"https:\/\/api.w.org\/{rel}","templated":true}]}}