{"id":599,"date":"2021-02-23T10:30:02","date_gmt":"2021-02-23T10:30:02","guid":{"rendered":"https:\/\/radiostudiow.com.br\/site\/?p=599"},"modified":"2021-02-23T10:30:03","modified_gmt":"2021-02-23T10:30:03","slug":"pm-de-cruz-machado-cumpre-mandado-de-prisao","status":"publish","type":"post","link":"https:\/\/radiostudiow.com.br\/site\/2021\/02\/23\/pm-de-cruz-machado-cumpre-mandado-de-prisao\/","title":{"rendered":"PM DE CRUZ MACHADO CUMPRE MANDADO DE PRIS\u00c3O"},"content":{"rendered":"\n<p><br>Durante um atendimento na comunidade da Linha Vit\u00f3ria, a equipe da Pol\u00edcia Militar de Cruz Machado acabou localizando um homem, o qual era de conhecimento da PM a exist\u00eancia de um mandado de pris\u00e3o em aberto. A situa\u00e7\u00e3o ocorreu por volta das 15:00 horas deste domingo (21).<br>Diante da situa\u00e7\u00e3o, o suspeito recebeu voz de pris\u00e3o e foi conduzido pela Pol\u00edcia at\u00e9 a delegacia de Uni\u00e3o da Vit\u00f3ria aonde agora est\u00e1 a disposi\u00e7\u00e3o da justi\u00e7a<br>A Pol\u00edcia n\u00e3o divulgou maiores detalhes sobre o mandado de pris\u00e3o.<br><\/p>\n","protected":false},"excerpt":{"rendered":"<p>Durante um atendimento na comunidade da Linha Vit\u00f3ria, a equipe da Pol\u00edcia Militar de Cruz Machado acabou localizando um homem, o qual era de conhecimento da PM a exist\u00eancia de um mandado de pris\u00e3o em aberto. A situa\u00e7\u00e3o ocorreu por volta das 15:00 horas deste domingo (21).Diante da situa\u00e7\u00e3o, o suspeito recebeu voz de pris\u00e3o [&hellip;]<\/p>\n","protected":false},"author":2,"featured_media":600,"comment_status":"open","ping_status":"open","sticky":false,"template":"","format":"standard","meta":{"footnotes":""},"categories":[2],"tags":[],"class_list":["post-599","post","type-post","status-publish","format-standard","has-post-thumbnail","hentry","category-policial"],"amp_enabled":true,"_links":{"self":[{"href":"https:\/\/radiostudiow.com.br\/site\/wp-json\/wp\/v2\/posts\/599","targetHints":{"allow":["GET"]}}],"collection":[{"href":"https:\/\/radiostudiow.com.br\/site\/wp-json\/wp\/v2\/posts"}],"about":[{"href":"https:\/\/radiostudiow.com.br\/site\/wp-json\/wp\/v2\/types\/post"}],"author":[{"embeddable":true,"href":"https:\/\/radiostudiow.com.br\/site\/wp-json\/wp\/v2\/users\/2"}],"replies":[{"embeddable":true,"href":"https:\/\/radiostudiow.com.br\/site\/wp-json\/wp\/v2\/comments?post=599"}],"version-history":[{"count":1,"href":"https:\/\/radiostudiow.com.br\/site\/wp-json\/wp\/v2\/posts\/599\/revisions"}],"predecessor-version":[{"id":601,"href":"https:\/\/radiostudiow.com.br\/site\/wp-json\/wp\/v2\/posts\/599\/revisions\/601"}],"wp:featuredmedia":[{"embeddable":true,"href":"https:\/\/radiostudiow.com.br\/site\/wp-json\/wp\/v2\/media\/600"}],"wp:attachment":[{"href":"https:\/\/radiostudiow.com.br\/site\/wp-json\/wp\/v2\/media?parent=599"}],"wp:term":[{"taxonomy":"category","embeddable":true,"href":"https:\/\/radiostudiow.com.br\/site\/wp-json\/wp\/v2\/categories?post=599"},{"taxonomy":"post_tag","embeddable":true,"href":"https:\/\/radiostudiow.com.br\/site\/wp-json\/wp\/v2\/tags?post=599"}],"curies":[{"name":"wp","href":"https:\/\/api.w.org\/{rel}","templated":true}]}}