{"id":622,"date":"2021-02-23T18:55:34","date_gmt":"2021-02-23T18:55:34","guid":{"rendered":"https:\/\/radiostudiow.com.br\/site\/?p=622"},"modified":"2025-01-15T09:28:07","modified_gmt":"2025-01-15T12:28:07","slug":"condutor-e-apreendido-por-dirigir-embriagado-e-sem-cnh-em-mallet","status":"publish","type":"post","link":"https:\/\/radiostudiow.com.br\/site\/2021\/02\/23\/condutor-e-apreendido-por-dirigir-embriagado-e-sem-cnh-em-mallet\/","title":{"rendered":"Condutor \u00e9 apreendido por dirigir embriagado e sem CNH em Mallet"},"content":{"rendered":"\n<p>\u00c0s 17:50 horas desta segunda \u2013 feira, 22 de Fevereiro, a equipe da Pol\u00edcia Militar de Mallet realizava patrulhamento na \u00e1rea central do munic\u00edpio quando visualizou um ve\u00edculo Palio, de cor prata, vindo na dire\u00e7\u00e3o contraria da via e realizando manobra de ziguezague.<\/p>\n\n\n\n<p><\/p>\n\n\n\n<p>Os policiais de imediato parou a viatura bloqueando parte da via, foi dado voz de parada e abordagem. O suspeito aumentou a velocidade de seu veiculo para tentar se evadir do local, por\u00e9m, a equipe rapidamente obteve a abordagem. Constatou que o condutor apresentava vis\u00edveis sinais de embriagues alco\u00f3lica.<\/p>\n\n\n\n<p>Ainda em abordagem foi verificado que o condutor tamb\u00e9m n\u00e3o possui a carteira nacional de habilita\u00e7\u00e3o.<\/p>\n\n\n\n<p>O suspeito recusou em realizar o teste etilom\u00e9trico, sendo encaminhado a 10 DRP de Mallet para aprecia\u00e7\u00e3o e providencias.<\/p>\n\n\n\n<p><\/p>\n\n\n\n<p><em>Fonte e Fotos: Pol\u00edcia Militar | Imagem meramente ilustrativa<\/em><\/p>\n\n\n\n<p><em>Os coment\u00e1rios s\u00e3o de responsabilidade exclusiva de seus autores e n\u00e3o representam a opini\u00e3o deste site.<\/em><\/p>\n","protected":false},"excerpt":{"rendered":"<p>\u00c0s 17:50 horas desta segunda \u2013 feira, 22 de Fevereiro, a equipe da Pol\u00edcia Militar de Mallet realizava patrulhamento na \u00e1rea central do munic\u00edpio quando visualizou um ve\u00edculo Palio, de cor prata, vindo na dire\u00e7\u00e3o contraria da via e realizando manobra de ziguezague. Os policiais de imediato parou a viatura bloqueando parte da via, foi [&hellip;]<\/p>\n","protected":false},"author":2,"featured_media":0,"comment_status":"open","ping_status":"open","sticky":false,"template":"","format":"standard","meta":{"footnotes":""},"categories":[2],"tags":[172],"class_list":["post-622","post","type-post","status-publish","format-standard","hentry","category-policial","tag-featured"],"amp_enabled":true,"_links":{"self":[{"href":"https:\/\/radiostudiow.com.br\/site\/wp-json\/wp\/v2\/posts\/622","targetHints":{"allow":["GET"]}}],"collection":[{"href":"https:\/\/radiostudiow.com.br\/site\/wp-json\/wp\/v2\/posts"}],"about":[{"href":"https:\/\/radiostudiow.com.br\/site\/wp-json\/wp\/v2\/types\/post"}],"author":[{"embeddable":true,"href":"https:\/\/radiostudiow.com.br\/site\/wp-json\/wp\/v2\/users\/2"}],"replies":[{"embeddable":true,"href":"https:\/\/radiostudiow.com.br\/site\/wp-json\/wp\/v2\/comments?post=622"}],"version-history":[{"count":1,"href":"https:\/\/radiostudiow.com.br\/site\/wp-json\/wp\/v2\/posts\/622\/revisions"}],"predecessor-version":[{"id":625,"href":"https:\/\/radiostudiow.com.br\/site\/wp-json\/wp\/v2\/posts\/622\/revisions\/625"}],"wp:attachment":[{"href":"https:\/\/radiostudiow.com.br\/site\/wp-json\/wp\/v2\/media?parent=622"}],"wp:term":[{"taxonomy":"category","embeddable":true,"href":"https:\/\/radiostudiow.com.br\/site\/wp-json\/wp\/v2\/categories?post=622"},{"taxonomy":"post_tag","embeddable":true,"href":"https:\/\/radiostudiow.com.br\/site\/wp-json\/wp\/v2\/tags?post=622"}],"curies":[{"name":"wp","href":"https:\/\/api.w.org\/{rel}","templated":true}]}}