{"id":628,"date":"2021-02-24T14:20:49","date_gmt":"2021-02-24T14:20:49","guid":{"rendered":"https:\/\/radiostudiow.com.br\/site\/?p=628"},"modified":"2025-01-15T09:28:11","modified_gmt":"2025-01-15T12:28:11","slug":"facao-e-celulares-sao-furtados-de-propriedade-rural-em-mallet","status":"publish","type":"post","link":"https:\/\/radiostudiow.com.br\/site\/2021\/02\/24\/facao-e-celulares-sao-furtados-de-propriedade-rural-em-mallet\/","title":{"rendered":"Fac\u00e3o e celulares s\u00e3o furtados de propriedade rural em Mallet"},"content":{"rendered":"\n<p>Na tarde desta ter\u00e7a \u2013 feira, 23 de Fevereiro, aparelhos celulares foram furtados de propriedade rural em Mallet.<\/p>\n\n\n\n<p>A equipe da Pol\u00edcia Militar se deslocou at\u00e9 o local e entrou em contato com o solicitante, o qual relatou que por volta das 17:00 horas um homem, segundo&nbsp; a v\u00edtima, aparentemente cigano chegou em sua propriedade com uma camionete, cor branca, n\u00e3o sabendo precisar a placa ou modelo.<\/p>\n\n\n\n<p><\/p>\n\n\n\n<p>O solicitante relatou que o suspeito ofereceu produtos medicinais e estava fazendo ora\u00e7\u00f5es, em determinado momento o autor saiu da propriedade e tomando rumo ignorado. A v\u00edtima notou que sumiu um fac\u00e3o e de dois aparelhos celulares com carregadores os quais tamb\u00e9m n\u00e3o soube precisar marca e modelo.<\/p>\n\n\n\n<p>Diante do fato foi confeccionado o Boletim de Ocorr\u00eancia e o mesmo orientado quanto aos procedimentos cab\u00edveis.<\/p>\n\n\n\n<p><\/p>\n\n\n\n<p><em>Fonte e Fotos: Pol\u00edcia Militar | Imagem meramente ilustrativa<\/em><\/p>\n\n\n\n<p><em>Os coment\u00e1rios s\u00e3o de responsabilidade exclusiva de seus autores e n\u00e3o representam a opini\u00e3o deste site.<\/em><\/p>\n","protected":false},"excerpt":{"rendered":"<p>Na tarde desta ter\u00e7a \u2013 feira, 23 de Fevereiro, aparelhos celulares foram furtados de propriedade rural em Mallet. A equipe da Pol\u00edcia Militar se deslocou at\u00e9 o local e entrou em contato com o solicitante, o qual relatou que por volta das 17:00 horas um homem, segundo&nbsp; a v\u00edtima, aparentemente cigano chegou em sua propriedade [&hellip;]<\/p>\n","protected":false},"author":2,"featured_media":0,"comment_status":"open","ping_status":"open","sticky":false,"template":"","format":"standard","meta":{"footnotes":""},"categories":[2],"tags":[172],"class_list":["post-628","post","type-post","status-publish","format-standard","hentry","category-policial","tag-featured"],"amp_enabled":true,"_links":{"self":[{"href":"https:\/\/radiostudiow.com.br\/site\/wp-json\/wp\/v2\/posts\/628","targetHints":{"allow":["GET"]}}],"collection":[{"href":"https:\/\/radiostudiow.com.br\/site\/wp-json\/wp\/v2\/posts"}],"about":[{"href":"https:\/\/radiostudiow.com.br\/site\/wp-json\/wp\/v2\/types\/post"}],"author":[{"embeddable":true,"href":"https:\/\/radiostudiow.com.br\/site\/wp-json\/wp\/v2\/users\/2"}],"replies":[{"embeddable":true,"href":"https:\/\/radiostudiow.com.br\/site\/wp-json\/wp\/v2\/comments?post=628"}],"version-history":[{"count":2,"href":"https:\/\/radiostudiow.com.br\/site\/wp-json\/wp\/v2\/posts\/628\/revisions"}],"predecessor-version":[{"id":637,"href":"https:\/\/radiostudiow.com.br\/site\/wp-json\/wp\/v2\/posts\/628\/revisions\/637"}],"wp:attachment":[{"href":"https:\/\/radiostudiow.com.br\/site\/wp-json\/wp\/v2\/media?parent=628"}],"wp:term":[{"taxonomy":"category","embeddable":true,"href":"https:\/\/radiostudiow.com.br\/site\/wp-json\/wp\/v2\/categories?post=628"},{"taxonomy":"post_tag","embeddable":true,"href":"https:\/\/radiostudiow.com.br\/site\/wp-json\/wp\/v2\/tags?post=628"}],"curies":[{"name":"wp","href":"https:\/\/api.w.org\/{rel}","templated":true}]}}